{"id":914,"date":"2023-07-01T22:51:40","date_gmt":"2023-07-01T20:51:40","guid":{"rendered":"https:\/\/www.chcemzamestnanie.sk\/?p=914"},"modified":"2024-01-30T22:54:17","modified_gmt":"2024-01-30T21:54:17","slug":"snivanie-ako-cesta-k-uspechu-objavte-silu-vasich-nocnych-predstav","status":"publish","type":"post","link":"https:\/\/www.chcemzamestnanie.sk\/?p=914","title":{"rendered":"Sn\u00edvanie ako Cesta k \u00daspechu: Objavte S\u00edlu Va\u0161ich No\u010dn\u00fdch Predst\u00e1v"},"content":{"rendered":"\n<p>M\u00e1te niekedy pocit, \u017ee sny s\u00fa len bezv\u00fdznamn\u00e9 obr\u00e1zky n\u00e1\u0161ho sp\u00e1nku? Alebo ste niekedy zva\u017eovali, \u017ee by va\u0161e sny mohli ma\u0165 hlb\u0161\u00ed v\u00fdznam, ktor\u00fd m\u00f4\u017ee ovplyvni\u0165 v\u00e1\u0161 re\u00e1lny \u017eivot? Sny s\u00fa d\u00f4le\u017eit\u00e9 a maj\u00fa moc ovplyvni\u0165 n\u00e1\u0161 ka\u017edodenn\u00fd \u017eivot, a to nielen ako no\u010dn\u00e9 fant\u00e1zie, ale ako k\u013e\u00fa\u010dov\u00e9 aspekty na\u0161ej mysle a tvorivosti.<\/p>\n\n\n\n<p><strong>V\u00fdznam Sn\u00edvania<\/strong><\/p>\n\n\n\n<p>Sn\u00edvanie je viac ne\u017e len aktivita n\u00e1\u0161ho mozgu po\u010das sp\u00e1nku. Sen je myslienka, ktor\u00e1 m\u00e1 elektrick\u00fd impulz, a to je nie\u010do, \u010do je mo\u017en\u00e9 dokonca aj mera\u0165. Zauj\u00edmav\u00e9 je, \u017ee ka\u017ed\u00e1 my\u0161lienka \u010di sen m\u00e1 svoju hmotnos\u0165 a skuto\u010dn\u00fd dopad na n\u00e1\u0161 \u017eivot. T\u00e1to konceptu\u00e1lna hmotnos\u0165 n\u00e1m umo\u017e\u0148uje sny zrealizova\u0165 a premeni\u0165 ich na hmatate\u013en\u00e9 skuto\u010dnosti.<\/p>\n\n\n\n<p><strong>Sny ako Zdroj In\u0161pir\u00e1cie<\/strong><\/p>\n\n\n\n<p>Sn\u00edvanie m\u00f4\u017ee by\u0165 mimoriadne prospe\u0161n\u00e9, preto\u017ee sl\u00fa\u017ei ako zdroj in\u0161pir\u00e1cie a kreativity. Sn\u00edvanie n\u00e1s m\u00f4\u017ee motivova\u0165 k dosiahnutiu na\u0161ich cie\u013eov a pom\u00f4c\u0165 n\u00e1m n\u00e1js\u0165 rie\u0161enia pre na\u0161e ka\u017edodenn\u00e9 probl\u00e9my. Ke\u010f sn\u00edvame, sme otvoren\u00ed nov\u00fdm mo\u017enostiam a in\u00fdm perspekt\u00edvam.<\/p>\n\n\n\n<p><strong>D\u00f4le\u017eitos\u0165 Sn\u00edvania u Det\u00ed<\/strong><\/p>\n\n\n\n<p>Je rovnako d\u00f4le\u017eit\u00e9 povzbudi\u0165 aj na\u0161e deti k sn\u00edvaniu. Sn\u00edvanie u det\u00ed rozv\u00edja ich predstavivos\u0165, kreativitu a pom\u00e1ha im formova\u0165 ich bud\u00facnos\u0165. U\u010denie det\u00ed d\u00f4vere vo svoje sny a my\u0161lienky ich m\u00f4\u017ee vies\u0165 k budovaniu silnej\u0161ej a kreat\u00edvnej\u0161ej osobnosti.<\/p>\n\n\n\n<p><strong>Z\u00e1ver<\/strong><\/p>\n\n\n\n<p>Sn\u00edvanie teda nie je len prechodn\u00fdm \u00fakazom n\u00e1\u0161ho sp\u00e1nku, ale d\u00f4le\u017eitou s\u00fa\u010das\u0165ou n\u00e1\u0161ho bytia, ktor\u00e1 n\u00e1m umo\u017e\u0148uje roz\u0161\u00edri\u0165 na\u0161e vn\u00edmanie reality. Dobr\u00fdm impulzom a pozit\u00edvnym myslen\u00edm m\u00f4\u017eeme svoje sny zrealizova\u0165 a dosiahnu\u0165 v \u017eivote viac. Tak pre\u010do neza\u010da\u0165 sn\u00edva\u0165 hne\u010f dnes a vidie\u0165, kam v\u00e1s va\u0161e sny zaved\u00fa?<\/p>\n","protected":false},"excerpt":{"rendered":"<p>M\u00e1te niekedy pocit, \u017ee sny s\u00fa len bezv\u00fdznamn\u00e9 obr\u00e1zky n\u00e1\u0161ho sp\u00e1nku? Alebo ste niekedy zva\u017eovali, \u017ee by va\u0161e sny mohli ma\u0165 hlb\u0161\u00ed v\u00fdznam, ktor\u00fd m\u00f4\u017ee &hellip; <\/p>\n","protected":false},"author":1,"featured_media":915,"comment_status":"closed","ping_status":"open","sticky":false,"template":"","format":"standard","meta":{"om_disable_all_campaigns":false,"_monsterinsights_skip_tracking":false,"_monsterinsights_sitenote_active":false,"_monsterinsights_sitenote_note":"","_monsterinsights_sitenote_category":0,"footnotes":""},"categories":[223],"tags":[306,303,307,304,302,305],"class_list":["post-914","post","type-post","status-publish","format-standard","has-post-thumbnail","hentry","category-blog","tag-ako-sa-tvoria-myslienky","tag-myslienky","tag-premena-myslienok-na-realitu","tag-realita","tag-sny","tag-uspech"],"_links":{"self":[{"href":"https:\/\/www.chcemzamestnanie.sk\/index.php?rest_route=\/wp\/v2\/posts\/914","targetHints":{"allow":["GET"]}}],"collection":[{"href":"https:\/\/www.chcemzamestnanie.sk\/index.php?rest_route=\/wp\/v2\/posts"}],"about":[{"href":"https:\/\/www.chcemzamestnanie.sk\/index.php?rest_route=\/wp\/v2\/types\/post"}],"author":[{"embeddable":true,"href":"https:\/\/www.chcemzamestnanie.sk\/index.php?rest_route=\/wp\/v2\/users\/1"}],"replies":[{"embeddable":true,"href":"https:\/\/www.chcemzamestnanie.sk\/index.php?rest_route=%2Fwp%2Fv2%2Fcomments&post=914"}],"version-history":[{"count":1,"href":"https:\/\/www.chcemzamestnanie.sk\/index.php?rest_route=\/wp\/v2\/posts\/914\/revisions"}],"predecessor-version":[{"id":916,"href":"https:\/\/www.chcemzamestnanie.sk\/index.php?rest_route=\/wp\/v2\/posts\/914\/revisions\/916"}],"wp:featuredmedia":[{"embeddable":true,"href":"https:\/\/www.chcemzamestnanie.sk\/index.php?rest_route=\/wp\/v2\/media\/915"}],"wp:attachment":[{"href":"https:\/\/www.chcemzamestnanie.sk\/index.php?rest_route=%2Fwp%2Fv2%2Fmedia&parent=914"}],"wp:term":[{"taxonomy":"category","embeddable":true,"href":"https:\/\/www.chcemzamestnanie.sk\/index.php?rest_route=%2Fwp%2Fv2%2Fcategories&post=914"},{"taxonomy":"post_tag","embeddable":true,"href":"https:\/\/www.chcemzamestnanie.sk\/index.php?rest_route=%2Fwp%2Fv2%2Ftags&post=914"}],"curies":[{"name":"wp","href":"https:\/\/api.w.org\/{rel}","templated":true}]}}