{"id":851,"date":"2024-01-29T21:06:48","date_gmt":"2024-01-29T20:06:48","guid":{"rendered":"https:\/\/www.chcemzamestnanie.sk\/?p=851"},"modified":"2024-01-30T21:07:59","modified_gmt":"2024-01-30T20:07:59","slug":"ochota-nemeckych-firiem-prijimat-novych-pracovnikov-sa-zhorsila-priemyselna-vyroba-rata-s-poklesom-zamestnancov","status":"publish","type":"post","link":"https:\/\/www.chcemzamestnanie.sk\/?p=851","title":{"rendered":"Ochota nemeck\u00fdch firiem prij\u00edma\u0165 nov\u00fdch pracovn\u00edkov sa zhor\u0161ila, priemyseln\u00e1 v\u00fdroba r\u00e1ta s poklesom zamestnancov"},"content":{"rendered":"\n<p>29.1.2024 \u2013 Ochota nemeck\u00fdch firiem prij\u00edma\u0165 nov\u00fdch zamestnancov sa v janu\u00e1ri zhor\u0161ila. Index ochoty zamestn\u00e1va\u0165, ktor\u00fd zostavuje mn\u00edchovsk\u00fd ekonomick\u00fd in\u0161tit\u00fat Ifo, klesol na 95,5 bodu z decembrov\u00fdch 96,5 bodu. In\u0161tit\u00fat o tom informoval v pondelok.<\/p>\n\n\n\n<p><em>\u201eZlo\u017eit\u00e1 ekonomick\u00e1 situ\u00e1cia sa teraz odr\u00e1\u017ea aj v person\u00e1lnom pl\u00e1novan\u00ed,\u201c<\/em>\u00a0uviedol ved\u00faci oddelenia prieskumov v in\u0161tit\u00fate\u00a0Ifo\u00a0Klaus Wohlrabe.\u00a0<em>\u201eFirmy s\u00fa dos\u0165 neochotn\u00e9 prij\u00edma\u0165 nov\u00fdch zamestnancov,\u201c<\/em>\u00a0dodal.<\/p>\n\n\n\n<p>Nemeck\u00ed priemyseln\u00ed v\u00fdrobcovia r\u00e1taj\u00fa s poklesom po\u010dtu zamestnancov. Rastie aj po\u010det obchodn\u00fdch firiem uva\u017euj\u00facich o prep\u00fa\u0161\u0165an\u00ed, ke\u010f\u017ee maj\u00fa m\u00e1lo z\u00e1kazn\u00edkov.<\/p>\n\n\n\n<p>Menej ochotn\u00fd prij\u00edma\u0165 nov\u00fdch pracovn\u00edkov je aj sektor slu\u017eieb. Zatia\u013e v\u0161ak toto odvetvie nov\u00fdch zamestnancov h\u013ead\u00e1, a to predov\u0161etk\u00fdm firmy v oblasti informa\u010dn\u00fdch technol\u00f3gi\u00ed a poradensk\u00e9 spolo\u010dnosti.<\/p>\n","protected":false},"excerpt":{"rendered":"<p>29.1.2024 \u2013 Ochota nemeck\u00fdch firiem prij\u00edma\u0165 nov\u00fdch zamestnancov sa v janu\u00e1ri zhor\u0161ila. Index ochoty zamestn\u00e1va\u0165, ktor\u00fd zostavuje mn\u00edchovsk\u00fd ekonomick\u00fd in\u0161tit\u00fat Ifo, klesol na 95,5 bodu &hellip; <\/p>\n","protected":false},"author":1,"featured_media":852,"comment_status":"closed","ping_status":"open","sticky":false,"template":"","format":"standard","meta":{"om_disable_all_campaigns":false,"_monsterinsights_skip_tracking":false,"_monsterinsights_sitenote_active":false,"_monsterinsights_sitenote_note":"","_monsterinsights_sitenote_category":0,"footnotes":""},"categories":[260],"tags":[],"class_list":["post-851","post","type-post","status-publish","format-standard","has-post-thumbnail","hentry","category-spravy"],"_links":{"self":[{"href":"https:\/\/www.chcemzamestnanie.sk\/index.php?rest_route=\/wp\/v2\/posts\/851","targetHints":{"allow":["GET"]}}],"collection":[{"href":"https:\/\/www.chcemzamestnanie.sk\/index.php?rest_route=\/wp\/v2\/posts"}],"about":[{"href":"https:\/\/www.chcemzamestnanie.sk\/index.php?rest_route=\/wp\/v2\/types\/post"}],"author":[{"embeddable":true,"href":"https:\/\/www.chcemzamestnanie.sk\/index.php?rest_route=\/wp\/v2\/users\/1"}],"replies":[{"embeddable":true,"href":"https:\/\/www.chcemzamestnanie.sk\/index.php?rest_route=%2Fwp%2Fv2%2Fcomments&post=851"}],"version-history":[{"count":1,"href":"https:\/\/www.chcemzamestnanie.sk\/index.php?rest_route=\/wp\/v2\/posts\/851\/revisions"}],"predecessor-version":[{"id":853,"href":"https:\/\/www.chcemzamestnanie.sk\/index.php?rest_route=\/wp\/v2\/posts\/851\/revisions\/853"}],"wp:featuredmedia":[{"embeddable":true,"href":"https:\/\/www.chcemzamestnanie.sk\/index.php?rest_route=\/wp\/v2\/media\/852"}],"wp:attachment":[{"href":"https:\/\/www.chcemzamestnanie.sk\/index.php?rest_route=%2Fwp%2Fv2%2Fmedia&parent=851"}],"wp:term":[{"taxonomy":"category","embeddable":true,"href":"https:\/\/www.chcemzamestnanie.sk\/index.php?rest_route=%2Fwp%2Fv2%2Fcategories&post=851"},{"taxonomy":"post_tag","embeddable":true,"href":"https:\/\/www.chcemzamestnanie.sk\/index.php?rest_route=%2Fwp%2Fv2%2Ftags&post=851"}],"curies":[{"name":"wp","href":"https:\/\/api.w.org\/{rel}","templated":true}]}}