{"id":846,"date":"2024-01-24T21:03:32","date_gmt":"2024-01-24T20:03:32","guid":{"rendered":"https:\/\/www.chcemzamestnanie.sk\/?p=846"},"modified":"2024-01-30T21:05:15","modified_gmt":"2024-01-30T20:05:15","slug":"v-juznych-mestach-unie-nie-je-lahke-si-najst-pracu-ako-je-na-tom-slovensko-v-porovnani-s-ostatnymi-krajinami-eu","status":"publish","type":"post","link":"https:\/\/www.chcemzamestnanie.sk\/?p=846","title":{"rendered":"V ju\u017en\u00fdch mest\u00e1ch \u00danie nie je \u013eahk\u00e9 si n\u00e1js\u0165 pr\u00e1cu. Ako je na tom Slovensko v porovnan\u00ed s ostatn\u00fdmi krajinami E\u00da?"},"content":{"rendered":"\n<p>24.1.2024 \u2013 Mest\u00e1 s\u00fa bezpochyby centrami zamestnanosti vo v\u0161etk\u00fdch krajin\u00e1ch a poskytuj\u00fa pr\u00e1cu \u013eu\u010fom \u017eij\u00facim v meste a mnoh\u00fdm \u013eu\u010fom, ktor\u00ed do mesta doch\u00e1dzaj\u00fa.<\/p>\n\n\n\n<p><em>\u201eEur\u00f3pska \u00fania (E\u00da)\u00a0poci\u0165uje\u00a0nedostatok pracovn\u00fdch s\u00edl\u00a0v d\u00f4sledku siln\u00e9ho o\u017eivenia trhu po\u00a0pand\u00e9mii\u00a0COVID-19\u00a0v kombin\u00e1cii s pokra\u010duj\u00facim demografick\u00fdm v\u00fdvojom. Najviac sa to dot\u00fdka miest, v ktor\u00fdch sa nach\u00e1dza viac \u0161pecializovan\u00fdch a vysoko platen\u00fdch pracovn\u00fdch miest ako vo vidieckych oblastiach,\u201c<\/em>\u00a0uv\u00e1dza\u00a0Eur\u00f3pska komisia\u00a0v rozsiahlom prieskume z minul\u00e9ho roka.<\/p>\n\n\n\n<p>Z\u00fa\u010dastnilo sa ho viac ako 71-tis\u00edc obyvate\u013eov z 83 miest v E\u00da, krajin\u00e1ch\u00a0Eur\u00f3pskeho zdru\u017eenia vo\u013en\u00e9ho obchodu (EZVO), Spojenom kr\u00e1\u013eovstve Ve\u013ekej Brit\u00e1nie a Severn\u00e9ho \u00cdrska a na z\u00e1padnom Balk\u00e1ne a v Turecku.<\/p>\n\n\n\n<h2 class=\"wp-block-heading\">Praha skon\u010dila prv\u00e1<\/h2>\n\n\n\n<p>V priemere len p\u00e4\u0165 z desiatich obyvate\u013eov miest si mysl\u00ed, \u017ee v ich meste je \u013eahk\u00e9 n\u00e1js\u0165 si pr\u00e1cu, hoci existuj\u00fa zna\u010dn\u00e9 rozdiely.<\/p>\n\n\n\n<p>Na prvom mieste rebr\u00ed\u010dka miest, kde je \u013eahk\u00e9 si n\u00e1js\u0165 pr\u00e1cu, sa umiestnila Praha. Myslia si to a\u017e \u0161tyria z piatich osloven\u00fdch. Na druhom mieste sa umiestnilo rumunsk\u00e9 mesto Klu\u017e \u2013 Napoca a na tre\u0165om Mn\u00edchov.<\/p>\n\n\n\n<p>Prekvapila Bratislava, kde a\u017e sedem z desiatich \u013eud\u00ed si mysl\u00ed, \u017ee je \u013eahk\u00e9 v na\u0161om hlavnom meste si n\u00e1js\u0165 pr\u00e1cu. V prieskume E\u00da sa umiestnila na \u0161tvrtom mieste. Bez v\u00e4\u010d\u0161\u00edch probl\u00e9mov si vedia n\u00e1js\u0165 \u013eudia pr\u00e1cu aj v Hamburgu, Osle, \u0160tokholme, vo Var\u0161ave, Sofii a v Talline.<\/p>\n\n\n\n<h2 class=\"wp-block-heading\">Ju\u017en\u00e9 \u0161t\u00e1ty pohoreli<\/h2>\n\n\n\n<p>Opa\u010dn\u00e1 situ\u00e1cia je v\u0161ak v ju\u017en\u00fdch \u0161t\u00e1toch \u00fanie.&nbsp;<em>\u201eCelkovo si iba ka\u017ed\u00fd \u0161tvrt\u00fd obyvate\u013e miest v ju\u017en\u00fdch \u010dlensk\u00fdch \u0161t\u00e1toch v tomto prieskume myslel, \u017ee je \u013eahk\u00e9 n\u00e1js\u0165 si pr\u00e1cu, v porovnan\u00ed s viac ako polovicou obyvate\u013eov miest v z\u00e1padn\u00fdch a severn\u00fdch \u010dlensk\u00fdch \u0161t\u00e1toch a polovicou obyvate\u013eov miest vo v\u00fdchodn\u00fdch \u010dlensk\u00fdch \u0161t\u00e1toch,\u201c&nbsp;<\/em>uv\u00e1dza \u010falej E\u00da.<\/p>\n\n\n\n<p>Len \u0161tyri percent\u00e1 op\u00fdtan\u00fdch v talianskom Palerme si mysl\u00ed, \u017ee sa d\u00e1 v ich meste \u013eahko n\u00e1js\u0165 pr\u00e1ca. Na tomto zozname s\u00fa aj \u010fal\u0161ie talianske (Neapol, Tur\u00edn \u010di R\u00edm) a \u0161panielske mest\u00e1 (Oviedo, Malaga, Barcelona alebo Madrid).<\/p>\n\n\n\n<p>V krajin\u00e1ch, v ktor\u00fdch sa prieskumu z\u00fa\u010dastnilo viac ako jedno mesto, m\u00e1 hlavn\u00e9 mesto tendenciu dosahova\u0165 lep\u0161ie v\u00fdsledky ako ostatn\u00e9 mest\u00e1, s v\u00fdnimkou Nemecka a Turecka, \u010do zd\u00f4raz\u0148uje, \u017ee trh pr\u00e1ce v t\u00fdchto mest\u00e1ch m\u00e1 tendenciu by\u0165 dynamickej\u0161\u00ed.<\/p>\n\n\n\n<h2 class=\"wp-block-heading\">Rozdiely medzi mestami v krajine<\/h2>\n\n\n\n<p>V niektor\u00fdch krajin\u00e1ch sa tento ukazovate\u013e v jednotliv\u00fdch mest\u00e1ch v\u00fdrazne l\u00ed\u0161i. Napr\u00edklad v \u010cesku, na Slovensku a v Po\u013esku patria hlavn\u00e9 mest\u00e1 medzi mest\u00e1 s najvy\u0161\u0161\u00edm sk\u00f3re v prieskume, zatia\u013e \u010do niektor\u00e9 z ostatn\u00fdch miest v krajine dosahuj\u00fa ove\u013ea ni\u017e\u0161ie sk\u00f3re.<\/p>\n\n\n\n<p>V Prahe si 79 % obyvate\u013eov mysl\u00ed, \u017ee je \u013eahk\u00e9 n\u00e1js\u0165 si pr\u00e1cu, zatia\u013e \u010do v Ostrave si to mysl\u00ed len 45 %. Na Slovensku je rozdiel medzi najlep\u0161ie hodnoten\u00fdm mestom, Bratislavou (72 %), a najhor\u0161ie hodnoten\u00fdmi Ko\u0161icami (33 %) 39 percentu\u00e1lnych bodov.<\/p>\n\n\n\n<p>V Po\u013esku je podobn\u00fd rozdiel medzi Var\u0161avou (66 %) a Bia\u0142ystokom (24 %). Ve\u013ek\u00e9 rozdiely s\u00fa aj medzi mestami v Taliansku, Belgicku, Ma\u010farsku a Turecku.<\/p>\n","protected":false},"excerpt":{"rendered":"<p>24.1.2024 \u2013 Mest\u00e1 s\u00fa bezpochyby centrami zamestnanosti vo v\u0161etk\u00fdch krajin\u00e1ch a poskytuj\u00fa pr\u00e1cu \u013eu\u010fom \u017eij\u00facim v meste a mnoh\u00fdm \u013eu\u010fom, ktor\u00ed do mesta doch\u00e1dzaj\u00fa. \u201eEur\u00f3pska &hellip; <\/p>\n","protected":false},"author":1,"featured_media":847,"comment_status":"closed","ping_status":"open","sticky":false,"template":"","format":"standard","meta":{"om_disable_all_campaigns":false,"_monsterinsights_skip_tracking":false,"_monsterinsights_sitenote_active":false,"_monsterinsights_sitenote_note":"","_monsterinsights_sitenote_category":0,"footnotes":""},"categories":[260],"tags":[],"class_list":["post-846","post","type-post","status-publish","format-standard","has-post-thumbnail","hentry","category-spravy"],"_links":{"self":[{"href":"https:\/\/www.chcemzamestnanie.sk\/index.php?rest_route=\/wp\/v2\/posts\/846","targetHints":{"allow":["GET"]}}],"collection":[{"href":"https:\/\/www.chcemzamestnanie.sk\/index.php?rest_route=\/wp\/v2\/posts"}],"about":[{"href":"https:\/\/www.chcemzamestnanie.sk\/index.php?rest_route=\/wp\/v2\/types\/post"}],"author":[{"embeddable":true,"href":"https:\/\/www.chcemzamestnanie.sk\/index.php?rest_route=\/wp\/v2\/users\/1"}],"replies":[{"embeddable":true,"href":"https:\/\/www.chcemzamestnanie.sk\/index.php?rest_route=%2Fwp%2Fv2%2Fcomments&post=846"}],"version-history":[{"count":1,"href":"https:\/\/www.chcemzamestnanie.sk\/index.php?rest_route=\/wp\/v2\/posts\/846\/revisions"}],"predecessor-version":[{"id":848,"href":"https:\/\/www.chcemzamestnanie.sk\/index.php?rest_route=\/wp\/v2\/posts\/846\/revisions\/848"}],"wp:featuredmedia":[{"embeddable":true,"href":"https:\/\/www.chcemzamestnanie.sk\/index.php?rest_route=\/wp\/v2\/media\/847"}],"wp:attachment":[{"href":"https:\/\/www.chcemzamestnanie.sk\/index.php?rest_route=%2Fwp%2Fv2%2Fmedia&parent=846"}],"wp:term":[{"taxonomy":"category","embeddable":true,"href":"https:\/\/www.chcemzamestnanie.sk\/index.php?rest_route=%2Fwp%2Fv2%2Fcategories&post=846"},{"taxonomy":"post_tag","embeddable":true,"href":"https:\/\/www.chcemzamestnanie.sk\/index.php?rest_route=%2Fwp%2Fv2%2Ftags&post=846"}],"curies":[{"name":"wp","href":"https:\/\/api.w.org\/{rel}","templated":true}]}}