{"id":843,"date":"2024-01-23T21:02:21","date_gmt":"2024-01-23T20:02:21","guid":{"rendered":"https:\/\/www.chcemzamestnanie.sk\/?p=843"},"modified":"2024-01-30T21:03:12","modified_gmt":"2024-01-30T20:03:12","slug":"zamestnavatelia-na-slovensku-prijimaju-do-prace-coraz-viac-cudzincov-vlani-ich-pribudlo-cez-12-tisic","status":"publish","type":"post","link":"https:\/\/www.chcemzamestnanie.sk\/?p=843","title":{"rendered":"Zamestn\u00e1vatelia na Slovensku prij\u00edmaj\u00fa do pr\u00e1ce \u010doraz viac cudzincov, vlani ich pribudlo cez 12-tis\u00edc"},"content":{"rendered":"\n<p>23.1.2024 \u2013 Na konci minul\u00e9ho roka na Slovensku pracovalo viac ako\u00a0<strong>100-tis\u00edc<\/strong>\u00a0cudzincov. V porovnan\u00ed s koncom roka 2022 bolo na slovenskom trhu pr\u00e1ce o\u00a0<strong>12,6 tis\u00edca<\/strong>\u00a0cudzincov viac. Vypl\u00fdva to z \u00fadajov\u00a0\u00dastredia pr\u00e1ce, soci\u00e1lnych vec\u00ed a rodiny SR.<\/p>\n\n\n\n<p>Najpo\u010detnej\u0161ou skupinou cudzincov pracuj\u00facich na Slovensku s\u00fa dlhodobo Ukrajinci. Medziro\u010dne ich pribudlo\u00a0<strong>5,9 tis\u00edca<\/strong>, \u010d\u00edm celkov\u00fd po\u010det Ukrajincov pracuj\u00facich u n\u00e1s vzr\u00e1stol na\u00a0<strong>39,3 tis\u00edca<\/strong>. Po\u010det Srbov pracuj\u00facich na Slovensku sa v minulom mesiaci oproti koncu roka 2022 zn\u00ed\u017eil o\u00a0<strong>117<\/strong>\u00a0na\u00a0<strong>9,8 tis\u00edca<\/strong>.<\/p>\n\n\n\n<p>Spomedzi ob\u010danov z kraj\u00edn\u00a0Eur\u00f3pskej \u00fanie\u00a0bolo na Slovensku najviac Rumunov, ktor\u00fdch u n\u00e1s pracovalo\u00a0<strong>7,1 tis\u00edca<\/strong>, nasledovali \u010cesi so\u00a0<strong>6,5 tis\u00edca<\/strong>\u00a0pracovn\u00edkmi a na tre\u0165om mieste boli Ma\u010fari, ktor\u00fdch za pr\u00e1cou na Slovensko pri\u0161lo\u00a0<strong>6-tis\u00edc<\/strong>.<\/p>\n\n\n\n<p>Na \u017eivobytie si na Slovensku zar\u00e1baj\u00fa aj \u013eudia z exotickej\u0161\u00edch kraj\u00edn. Na konci minul\u00e9ho roka u n\u00e1s pracovalo&nbsp;<strong>3,2 tis\u00edca<\/strong>&nbsp;Indov, cez&nbsp;<strong>1,6 tis\u00edca<\/strong>&nbsp;Gruz\u00edncov, takmer tis\u00edc ob\u010danov Kirgizska, \u010di cez&nbsp;<strong>300<\/strong>&nbsp;pracovn\u00edkov z Filip\u00edn.<\/p>\n","protected":false},"excerpt":{"rendered":"<p>23.1.2024 \u2013 Na konci minul\u00e9ho roka na Slovensku pracovalo viac ako\u00a0100-tis\u00edc\u00a0cudzincov. V porovnan\u00ed s koncom roka 2022 bolo na slovenskom trhu pr\u00e1ce o\u00a012,6 tis\u00edca\u00a0cudzincov viac. &hellip; <\/p>\n","protected":false},"author":1,"featured_media":844,"comment_status":"closed","ping_status":"open","sticky":false,"template":"","format":"standard","meta":{"om_disable_all_campaigns":false,"_monsterinsights_skip_tracking":false,"_monsterinsights_sitenote_active":false,"_monsterinsights_sitenote_note":"","_monsterinsights_sitenote_category":0,"footnotes":""},"categories":[260],"tags":[],"class_list":["post-843","post","type-post","status-publish","format-standard","has-post-thumbnail","hentry","category-spravy"],"_links":{"self":[{"href":"https:\/\/www.chcemzamestnanie.sk\/index.php?rest_route=\/wp\/v2\/posts\/843","targetHints":{"allow":["GET"]}}],"collection":[{"href":"https:\/\/www.chcemzamestnanie.sk\/index.php?rest_route=\/wp\/v2\/posts"}],"about":[{"href":"https:\/\/www.chcemzamestnanie.sk\/index.php?rest_route=\/wp\/v2\/types\/post"}],"author":[{"embeddable":true,"href":"https:\/\/www.chcemzamestnanie.sk\/index.php?rest_route=\/wp\/v2\/users\/1"}],"replies":[{"embeddable":true,"href":"https:\/\/www.chcemzamestnanie.sk\/index.php?rest_route=%2Fwp%2Fv2%2Fcomments&post=843"}],"version-history":[{"count":1,"href":"https:\/\/www.chcemzamestnanie.sk\/index.php?rest_route=\/wp\/v2\/posts\/843\/revisions"}],"predecessor-version":[{"id":845,"href":"https:\/\/www.chcemzamestnanie.sk\/index.php?rest_route=\/wp\/v2\/posts\/843\/revisions\/845"}],"wp:featuredmedia":[{"embeddable":true,"href":"https:\/\/www.chcemzamestnanie.sk\/index.php?rest_route=\/wp\/v2\/media\/844"}],"wp:attachment":[{"href":"https:\/\/www.chcemzamestnanie.sk\/index.php?rest_route=%2Fwp%2Fv2%2Fmedia&parent=843"}],"wp:term":[{"taxonomy":"category","embeddable":true,"href":"https:\/\/www.chcemzamestnanie.sk\/index.php?rest_route=%2Fwp%2Fv2%2Fcategories&post=843"},{"taxonomy":"post_tag","embeddable":true,"href":"https:\/\/www.chcemzamestnanie.sk\/index.php?rest_route=%2Fwp%2Fv2%2Ftags&post=843"}],"curies":[{"name":"wp","href":"https:\/\/api.w.org\/{rel}","templated":true}]}}