{"id":839,"date":"2024-01-23T21:00:33","date_gmt":"2024-01-23T20:00:33","guid":{"rendered":"https:\/\/www.chcemzamestnanie.sk\/?p=839"},"modified":"2024-01-30T21:02:06","modified_gmt":"2024-01-30T20:02:06","slug":"raznejsie-zvysenie-nezamestnanosti-na-slovensku-analytik-neocakava-pomenoval-vsak-coraz-vacsi-zasadny-problem","status":"publish","type":"post","link":"https:\/\/www.chcemzamestnanie.sk\/?p=839","title":{"rendered":"R\u00e1znej\u0161ie zv\u00fd\u0161enie nezamestnanosti na Slovensku analytik neo\u010dak\u00e1va, pomenoval v\u0161ak \u010doraz v\u00e4\u010d\u0161\u00ed z\u00e1sadn\u00fd probl\u00e9m"},"content":{"rendered":"\n<p>23.1.2024 \u2013 Ekonomika aktu\u00e1lne vykazuje zn\u00e1mky dvojr\u00fdchlostnej ekonomiky, \u010do v plnej miere uk\u00e1zali aj posledn\u00e9 \u010d\u00edsla nezamestnanosti. D\u00f4sledky energetickej kr\u00edzy brzdia aktivitu \u010dasti ekonomiky, ktor\u00e1 \u010doraz vo v\u00e4\u010d\u0161ej miere dod\u00e1va i nov\u00fdch nezamestnan\u00fdch. Tvrd\u00ed to\u00a0analytik UniCredit Bank\u00a0\u013dubom\u00edr Kor\u0161\u0148\u00e1k.<\/p>\n\n\n\n<h2 class=\"wp-block-heading\">Vo\u013en\u00e9 pracovn\u00e9 miesta<\/h2>\n\n\n\n<p>St\u00e1le relat\u00edvne vysok\u00e1 z\u00e1soba vo\u013en\u00fdch pracovn\u00fdch miest v kombin\u00e1cii s ekonomick\u00fdm rastom relat\u00edvne n\u00e1ro\u010dn\u00fdm na pracovn\u00fa silu by v\u0161ak pod\u013ea analytika mali br\u00e1ni\u0165 mas\u00edvnemu n\u00e1rastu miery nezamestnanosti.<\/p>\n\n\n\n<p><em>\u201e\u010coraz v\u00e4\u010d\u0161\u00edm probl\u00e9mom pre dom\u00e1ci trh pr\u00e1ce bude v nasleduj\u00facich rokoch starnutie popul\u00e1cie a postupn\u00fd pokles ekonomicky akt\u00edvnej popul\u00e1cie. Najm\u00e4 ekonomicky silnej\u0161\u00ed z\u00e1pad krajiny tak bude i na\u010falej z\u00e1pasi\u0165 s nedostatkom pracovn\u00edkov,\u201c<\/em>\u00a0upozornil Kor\u0161\u0148\u00e1k.<\/p>\n\n\n\n<p>\u010eal\u0161\u00ed pokles miery nezamestnanosti bude pod\u013ea neho spoma\u013eova\u0165 i nes\u00falad medzi \u0161trukt\u00farou dopytu po pracovnej sile a jej ponuky, a to \u010di u\u017e v smere kvalifik\u00e1cie, tak v smere region\u00e1lnej disproporcie.<\/p>\n\n\n\n<h2 class=\"wp-block-heading\">Evidencia nezamestnanosti<\/h2>\n\n\n\n<p>Miera evidovanej nezamestnanosti na Slovensku sa v decembri minul\u00e9ho roka medzimesa\u010dne zv\u00fd\u0161ila o&nbsp;<strong>0,06 percentu\u00e1lneho bodu<\/strong>&nbsp;na&nbsp;<strong>5,08 percenta<\/strong>.<\/p>\n\n\n\n<p>Podiel disponibiln\u00fdch uch\u00e1dza\u010dov o zamestnanie v produkt\u00edvnom veku na obyvate\u013estve v produkt\u00edvnom veku (PDU), ktor\u00fd je po novom hlavn\u00fdm ukazovate\u013eom o nezamestnanosti na Slovensku, v minulom mesiaci medzimesa\u010dne vzr\u00e1stol\u00a0<strong>o 0,04 percentu\u00e1lneho bodu<\/strong>, a to na\u00a0<strong>3,88 percenta<\/strong>.<\/p>\n\n\n\n<p>Napriek miernemu rastu nezamestnanosti zaznamenal\u00a0<a href=\"https:\/\/sita.sk\/firmy-institucie\/ministerstvo-prace-socialnych-veci-a-rodiny-sr\/\">rezort pr\u00e1ce<\/a>\u00a0pokles po\u010dtu \u013eud\u00ed bez pr\u00e1ce vo veku do 29 rokov. Informovalo o tom\u00a0\u00dastredie pr\u00e1ce, soci\u00e1lnych vec\u00ed a rodiny SR.<\/p>\n\n\n\n<h2 class=\"wp-block-heading\">Ukazovate\u013e PDU<\/h2>\n\n\n\n<p>Ukazovate\u013e PDU dosiahol v poslednom mesiaci vla\u0148aj\u0161ka druh\u00fa najni\u017e\u0161iu hodnotu od janu\u00e1ra 2021, odkedy rezort tento \u00fadaj eviduje. Pri medziro\u010dnom porovnan\u00ed PDU klesol&nbsp;<strong>o 0,49 percentu\u00e1lneho bodu<\/strong>.<\/p>\n\n\n\n<p>Zn\u00ed\u017eil sa aj podiel uch\u00e1dza\u010dov o zamestnanie v produkt\u00edvnom veku na obyvate\u013estve v produkt\u00edvnom veku. V decembri minul\u00e9ho roka dosiahol \u00farove\u0148&nbsp;<strong>4,67 percenta<\/strong>&nbsp;a v porovnan\u00ed s decembrom 2022 klesol o<strong>&nbsp;0,19 percentu\u00e1lneho bodu<\/strong>.<\/p>\n\n\n\n<h2 class=\"wp-block-heading\">Celkov\u00fd po\u010det evidovan\u00fdch uch\u00e1dza\u010dov<\/h2>\n\n\n\n<p>Celkov\u00fd po\u010det uch\u00e1dza\u010dov o zamestnanie evidovan\u00fdch na \u00faradoch pr\u00e1ce sa medziro\u010dne zn\u00ed\u017eil o&nbsp;<strong>8,2 tis\u00edca os\u00f4b<\/strong>. V decembri vla\u0148aj\u0161ka dosiahol takmer&nbsp;<strong>170-tis\u00edc os\u00f4b<\/strong>, \u010do je bl\u00edzko najni\u017e\u0161\u00edch \u00farovn\u00ed za posledn\u00fdch 23 rokov.<\/p>\n\n\n\n<p>Podobne klesol aj po\u010det disponibiln\u00fdch uch\u00e1dza\u010dov v produkt\u00edvnom veku, ktor\u00fd sa v decembri minul\u00e9ho roka ust\u00e1lil na \u010d\u00edsle\u00a0<strong>141,4 tis\u00edca<\/strong>\u00a0a v porovnan\u00ed s decembrom 2022 sa zn\u00ed\u017eil a\u017e o\u00a0<strong>18,8 tis\u00edca os\u00f4b<\/strong>.<\/p>\n\n\n\n<p>Ukazovatele nezamestnanosti aj po\u010dtu uch\u00e1dza\u010dov o zamestnanie sa tak na\u010falej udr\u017eiavaj\u00fa na \u00farovniach bl\u00edzkych obdobiu pred pand\u00e9miou a dosahuj\u00fa najni\u017e\u0161ie hodnoty za posledn\u00e9 roky.<\/p>\n","protected":false},"excerpt":{"rendered":"<p>23.1.2024 \u2013 Ekonomika aktu\u00e1lne vykazuje zn\u00e1mky dvojr\u00fdchlostnej ekonomiky, \u010do v plnej miere uk\u00e1zali aj posledn\u00e9 \u010d\u00edsla nezamestnanosti. D\u00f4sledky energetickej kr\u00edzy brzdia aktivitu \u010dasti ekonomiky, ktor\u00e1 &hellip; <\/p>\n","protected":false},"author":1,"featured_media":841,"comment_status":"closed","ping_status":"open","sticky":false,"template":"","format":"standard","meta":{"om_disable_all_campaigns":false,"_monsterinsights_skip_tracking":false,"_monsterinsights_sitenote_active":false,"_monsterinsights_sitenote_note":"","_monsterinsights_sitenote_category":0,"footnotes":""},"categories":[260],"tags":[],"class_list":["post-839","post","type-post","status-publish","format-standard","has-post-thumbnail","hentry","category-spravy"],"_links":{"self":[{"href":"https:\/\/www.chcemzamestnanie.sk\/index.php?rest_route=\/wp\/v2\/posts\/839","targetHints":{"allow":["GET"]}}],"collection":[{"href":"https:\/\/www.chcemzamestnanie.sk\/index.php?rest_route=\/wp\/v2\/posts"}],"about":[{"href":"https:\/\/www.chcemzamestnanie.sk\/index.php?rest_route=\/wp\/v2\/types\/post"}],"author":[{"embeddable":true,"href":"https:\/\/www.chcemzamestnanie.sk\/index.php?rest_route=\/wp\/v2\/users\/1"}],"replies":[{"embeddable":true,"href":"https:\/\/www.chcemzamestnanie.sk\/index.php?rest_route=%2Fwp%2Fv2%2Fcomments&post=839"}],"version-history":[{"count":1,"href":"https:\/\/www.chcemzamestnanie.sk\/index.php?rest_route=\/wp\/v2\/posts\/839\/revisions"}],"predecessor-version":[{"id":842,"href":"https:\/\/www.chcemzamestnanie.sk\/index.php?rest_route=\/wp\/v2\/posts\/839\/revisions\/842"}],"wp:featuredmedia":[{"embeddable":true,"href":"https:\/\/www.chcemzamestnanie.sk\/index.php?rest_route=\/wp\/v2\/media\/841"}],"wp:attachment":[{"href":"https:\/\/www.chcemzamestnanie.sk\/index.php?rest_route=%2Fwp%2Fv2%2Fmedia&parent=839"}],"wp:term":[{"taxonomy":"category","embeddable":true,"href":"https:\/\/www.chcemzamestnanie.sk\/index.php?rest_route=%2Fwp%2Fv2%2Fcategories&post=839"},{"taxonomy":"post_tag","embeddable":true,"href":"https:\/\/www.chcemzamestnanie.sk\/index.php?rest_route=%2Fwp%2Fv2%2Ftags&post=839"}],"curies":[{"name":"wp","href":"https:\/\/api.w.org\/{rel}","templated":true}]}}