{"id":836,"date":"2024-01-22T20:59:09","date_gmt":"2024-01-22T19:59:09","guid":{"rendered":"https:\/\/www.chcemzamestnanie.sk\/?p=836"},"modified":"2024-01-30T21:00:02","modified_gmt":"2024-01-30T20:00:02","slug":"miera-nezamestnanosti-v-trencianskom-kraji-stupla-nadalej-je-vsak-tretia-najnizsia-na-slovensku","status":"publish","type":"post","link":"https:\/\/www.chcemzamestnanie.sk\/?p=836","title":{"rendered":"Miera nezamestnanosti v Tren\u010dianskom kraji st\u00fapla, na\u010falej je v\u0161ak tretia najni\u017e\u0161ia na Slovensku"},"content":{"rendered":"\n<p>22.1.2024 \u2013 Priemern\u00e1 evidovan\u00e1 miera nezamestnanosti v\u00a0Tren\u010dianskom samospr\u00e1vnom kraji (TSK)\u00a0po troch mesiacoch poklesu v decembri st\u00fapla. Jej hodnota sa medzimesa\u010dne zv\u00fd\u0161ila o 0,12 percenta na \u00farove\u0148 3,61 percenta. Informovalo o tom\u00a0\u00dastredie pr\u00e1ce, soci\u00e1lnych vec\u00ed a rodiny.<\/p>\n\n\n\n<p>Aktu\u00e1lna miera nezamestnanosti v Tren\u010dianskom kraji je na\u010falej tretia najni\u017e\u0161ia na Slovensku, ni\u017e\u0161ie hodnoty vykazuje Bratislavsk\u00fd a Trnavsk\u00fd kraj. Podiel disponibiln\u00fdch uch\u00e1dza\u010dov o zamestnanie v produkt\u00edvnom veku na obyvate\u013estve v produkt\u00edvnom veku (PDU), ktor\u00fd je od minul\u00e9ho roka nov\u00fdm hlavn\u00fdm ukazovate\u013eom o nezamestnanosti na Slovensku, sa v decembri zv\u00fd\u0161il na \u00farove\u0148 2,78 percenta.<\/p>\n\n\n\n<p>Najni\u017e\u0161iu \u00farove\u0148 PDU z deviatich okresov Tren\u010dianskeho kraja m\u00e1 okres Tren\u010d\u00edn s 1,94 percenta. Nasleduj\u00fa okresy Ilava (2,25 %), P\u00fachov (2,43 %), Myjava (2,54 %), B\u00e1novce nad Bebravou (2,70 %), Nov\u00e9 Mesto nad V\u00e1hom (2,70 %), Pova\u017esk\u00e1 Bystrica (2,78 %), Partiz\u00e1nske (2,79 %), a Prievidza (3,94 %).<\/p>\n","protected":false},"excerpt":{"rendered":"<p>22.1.2024 \u2013 Priemern\u00e1 evidovan\u00e1 miera nezamestnanosti v\u00a0Tren\u010dianskom samospr\u00e1vnom kraji (TSK)\u00a0po troch mesiacoch poklesu v decembri st\u00fapla. Jej hodnota sa medzimesa\u010dne zv\u00fd\u0161ila o 0,12 percenta na &hellip; <\/p>\n","protected":false},"author":1,"featured_media":837,"comment_status":"closed","ping_status":"open","sticky":false,"template":"","format":"standard","meta":{"om_disable_all_campaigns":false,"_monsterinsights_skip_tracking":false,"_monsterinsights_sitenote_active":false,"_monsterinsights_sitenote_note":"","_monsterinsights_sitenote_category":0,"footnotes":""},"categories":[260],"tags":[],"class_list":["post-836","post","type-post","status-publish","format-standard","has-post-thumbnail","hentry","category-spravy"],"_links":{"self":[{"href":"https:\/\/www.chcemzamestnanie.sk\/index.php?rest_route=\/wp\/v2\/posts\/836","targetHints":{"allow":["GET"]}}],"collection":[{"href":"https:\/\/www.chcemzamestnanie.sk\/index.php?rest_route=\/wp\/v2\/posts"}],"about":[{"href":"https:\/\/www.chcemzamestnanie.sk\/index.php?rest_route=\/wp\/v2\/types\/post"}],"author":[{"embeddable":true,"href":"https:\/\/www.chcemzamestnanie.sk\/index.php?rest_route=\/wp\/v2\/users\/1"}],"replies":[{"embeddable":true,"href":"https:\/\/www.chcemzamestnanie.sk\/index.php?rest_route=%2Fwp%2Fv2%2Fcomments&post=836"}],"version-history":[{"count":1,"href":"https:\/\/www.chcemzamestnanie.sk\/index.php?rest_route=\/wp\/v2\/posts\/836\/revisions"}],"predecessor-version":[{"id":838,"href":"https:\/\/www.chcemzamestnanie.sk\/index.php?rest_route=\/wp\/v2\/posts\/836\/revisions\/838"}],"wp:featuredmedia":[{"embeddable":true,"href":"https:\/\/www.chcemzamestnanie.sk\/index.php?rest_route=\/wp\/v2\/media\/837"}],"wp:attachment":[{"href":"https:\/\/www.chcemzamestnanie.sk\/index.php?rest_route=%2Fwp%2Fv2%2Fmedia&parent=836"}],"wp:term":[{"taxonomy":"category","embeddable":true,"href":"https:\/\/www.chcemzamestnanie.sk\/index.php?rest_route=%2Fwp%2Fv2%2Fcategories&post=836"},{"taxonomy":"post_tag","embeddable":true,"href":"https:\/\/www.chcemzamestnanie.sk\/index.php?rest_route=%2Fwp%2Fv2%2Ftags&post=836"}],"curies":[{"name":"wp","href":"https:\/\/api.w.org\/{rel}","templated":true}]}}