{"id":820,"date":"2024-01-16T20:52:16","date_gmt":"2024-01-16T19:52:16","guid":{"rendered":"https:\/\/www.chcemzamestnanie.sk\/?p=820"},"modified":"2024-01-30T20:53:03","modified_gmt":"2024-01-30T19:53:03","slug":"vo-verejnej-sprave-je-ohrozenych-94-zamestnancov-nahlasene-bolo-hromadne-prepustanie","status":"publish","type":"post","link":"https:\/\/www.chcemzamestnanie.sk\/?p=820","title":{"rendered":"Vo verejnej spr\u00e1ve je ohrozen\u00fdch 94 zamestnancov, nahl\u00e1sen\u00e9 bolo hromadn\u00e9 prep\u00fa\u0161\u0165anie"},"content":{"rendered":"\n<p>16.1.2024 \u2013 Vo verejnej spr\u00e1ve m\u00f4\u017ee pr\u00eds\u0165 o pr\u00e1cu 94 zamestnancov. Informovalo o tom agent\u00faru SITA tla\u010dov\u00e9 a komunika\u010dn\u00e9 oddelenie\u00a0\u00dastredia pr\u00e1ce, soci\u00e1lnych vec\u00ed a rodiny (\u00daPSVaR)\u00a0s t\u00fdm, \u017ee hromadn\u00e9 prep\u00fa\u0161\u0165anie bolo nahl\u00e1sen\u00e9 v Banskobystrickom kraji 10. janu\u00e1ra v oblasti v\u0161eobecn\u00e1 verejn\u00e1 spr\u00e1va.<\/p>\n\n\n\n<p>N\u00e1zov organiz\u00e1cie, ktor\u00e1 nahl\u00e1sila hromadn\u00e9 prep\u00fa\u0161\u0165anie, \u00farad nekonkretizoval, odvol\u00e1vaj\u00fac sa na z\u00e1kon o slu\u017eb\u00e1ch zamestnanosti. Pod\u013ea neho m\u00f4\u017eu n\u00e1zvy spolo\u010dnost\u00ed zverej\u0148ova\u0165 len ak maj\u00fa ich s\u00fahlas, pri\u010dom v tomto pr\u00edpade ho nemaj\u00fa.<\/p>\n\n\n\n<p>Hromadn\u00e9 prep\u00fa\u0161\u0165anie je firma povinn\u00e1 ozn\u00e1mi\u0165 \u00fastrediu pr\u00e1ce. Za hromadn\u00e9 prep\u00fa\u0161\u0165anie sa pova\u017euje rozviazanie pracovn\u00e9ho pomeru s aspo\u0148 10 zamestnancami, ak firma zamestn\u00e1va od 21 do 99 zamestnancov. V pr\u00edpade, \u017ee m\u00e1 spolo\u010dnos\u0165 od 100 do 299 zamestnancov, za hromadn\u00e9 prep\u00fa\u0161\u0165anie sa po\u010d\u00edta rozviazane pomeru s aspo\u0148 10 percentami zamestnancov. Ak firma zamestn\u00e1va viac ako 300 \u013eud\u00ed, mus\u00ed \u00fastrediu pr\u00e1ce hl\u00e1si\u0165 prepustenie minim\u00e1lne 30 zamestnancov.<\/p>\n","protected":false},"excerpt":{"rendered":"<p>16.1.2024 \u2013 Vo verejnej spr\u00e1ve m\u00f4\u017ee pr\u00eds\u0165 o pr\u00e1cu 94 zamestnancov. Informovalo o tom agent\u00faru SITA tla\u010dov\u00e9 a komunika\u010dn\u00e9 oddelenie\u00a0\u00dastredia pr\u00e1ce, soci\u00e1lnych vec\u00ed a rodiny &hellip; <\/p>\n","protected":false},"author":1,"featured_media":821,"comment_status":"closed","ping_status":"open","sticky":false,"template":"","format":"standard","meta":{"om_disable_all_campaigns":false,"_monsterinsights_skip_tracking":false,"_monsterinsights_sitenote_active":false,"_monsterinsights_sitenote_note":"","_monsterinsights_sitenote_category":0,"footnotes":""},"categories":[260],"tags":[],"class_list":["post-820","post","type-post","status-publish","format-standard","has-post-thumbnail","hentry","category-spravy"],"_links":{"self":[{"href":"https:\/\/www.chcemzamestnanie.sk\/index.php?rest_route=\/wp\/v2\/posts\/820","targetHints":{"allow":["GET"]}}],"collection":[{"href":"https:\/\/www.chcemzamestnanie.sk\/index.php?rest_route=\/wp\/v2\/posts"}],"about":[{"href":"https:\/\/www.chcemzamestnanie.sk\/index.php?rest_route=\/wp\/v2\/types\/post"}],"author":[{"embeddable":true,"href":"https:\/\/www.chcemzamestnanie.sk\/index.php?rest_route=\/wp\/v2\/users\/1"}],"replies":[{"embeddable":true,"href":"https:\/\/www.chcemzamestnanie.sk\/index.php?rest_route=%2Fwp%2Fv2%2Fcomments&post=820"}],"version-history":[{"count":1,"href":"https:\/\/www.chcemzamestnanie.sk\/index.php?rest_route=\/wp\/v2\/posts\/820\/revisions"}],"predecessor-version":[{"id":822,"href":"https:\/\/www.chcemzamestnanie.sk\/index.php?rest_route=\/wp\/v2\/posts\/820\/revisions\/822"}],"wp:featuredmedia":[{"embeddable":true,"href":"https:\/\/www.chcemzamestnanie.sk\/index.php?rest_route=\/wp\/v2\/media\/821"}],"wp:attachment":[{"href":"https:\/\/www.chcemzamestnanie.sk\/index.php?rest_route=%2Fwp%2Fv2%2Fmedia&parent=820"}],"wp:term":[{"taxonomy":"category","embeddable":true,"href":"https:\/\/www.chcemzamestnanie.sk\/index.php?rest_route=%2Fwp%2Fv2%2Fcategories&post=820"},{"taxonomy":"post_tag","embeddable":true,"href":"https:\/\/www.chcemzamestnanie.sk\/index.php?rest_route=%2Fwp%2Fv2%2Ftags&post=820"}],"curies":[{"name":"wp","href":"https:\/\/api.w.org\/{rel}","templated":true}]}}