{"id":807,"date":"2024-01-13T20:43:23","date_gmt":"2024-01-13T19:43:23","guid":{"rendered":"https:\/\/www.chcemzamestnanie.sk\/?p=807"},"modified":"2024-01-30T20:46:02","modified_gmt":"2024-01-30T19:46:02","slug":"stvordnovy-pracovny-tyzden-by-mohli-mat-zamestnanci-na-slovensku-za-istych-podmienok-uz-o-par-mesiacov-navrh-dorucili-do-parlamentu","status":"publish","type":"post","link":"https:\/\/www.chcemzamestnanie.sk\/?p=807","title":{"rendered":"\u0160tvord\u0148ov\u00fd pracovn\u00fd t\u00fd\u017ede\u0148 by mohli ma\u0165 zamestnanci na Slovensku za ist\u00fdch podmienok u\u017e o p\u00e1r mesiacov, n\u00e1vrh doru\u010dili do parlamentu"},"content":{"rendered":"\n<p>13.1.2024 (SITA.sk) \u2013 Skupina poslancov za\u00a0hnutie Slovensko\u00a0predlo\u017eila do parlamentu n\u00e1vrh novely\u00a0Z\u00e1konn\u00edka pr\u00e1ce.<\/p>\n\n\n\n<p>Opozi\u010dn\u00ed poslanci navrhuj\u00fa od j\u00fala tohto roka na Slovensku zavies\u0165\u00a0\u0161tvord\u0148ov\u00fd pracovn\u00fd t\u00fd\u017ede\u0148\u00a0pri odpracovan\u00ed rovnak\u00e9ho mno\u017estva hod\u00edn ako pri p\u00e4\u0165d\u0148ovom pracovnom t\u00fd\u017edni.<\/p>\n\n\n\n<p><\/p>\n\n\n\n<p>V z\u00e1sade je to pri v\u00e4\u010d\u0161ine zamestnancov 40 hod\u00edn t\u00fd\u017edenne. Parlament sa bude t\u00fdmto n\u00e1vrhom zaobera\u0165 na sch\u00f4dzi, ktor\u00e1 sa za\u010dne 30. janu\u00e1ra tohto roka.<\/p>\n\n\n\n<h2 class=\"wp-block-heading\">Dos\u0165 ukrajovania si z dovolenky<\/h2>\n\n\n\n<p>Navrhovan\u00e1 zmena pracovn\u00e9ho k\u00f3dexu umo\u017e\u0148uje \u013eu\u010fom zamestnan\u00fdm v profesi\u00e1ch, ak to povaha pr\u00e1ce dovo\u013euje, aby mali viac dn\u00ed vo\u013ena, v ktor\u00fdch by sa mohli venova\u0165 svojim bl\u00edzkym, ale aj sami sebe bez toho, aby odpracovali v danom t\u00fd\u017edni menej hod\u00edn ako ich kolegovia a museli si bra\u0165 v pr\u00e1ci vo\u013eno.<\/p>\n\n\n\n<p>Hnutie Slovensko tak vych\u00e1dza v \u00fastrety zamestnancom bez toho, aby po\u0161kodil, alebo nejak\u00fdm sp\u00f4sobom sp\u00f4sobil probl\u00e9my ich zamestn\u00e1vate\u013eom.<\/p>\n\n\n\n<p><em>\u201eNiektor\u00ed rodi\u010dia, predov\u0161etk\u00fdm zamestnan\u00e9 matky s viacer\u00fdmi de\u0165mi, maj\u00fa \u010dasto m\u00e1lo \u201aparagrafov\u2018, aby si vybavili svoje nutn\u00e9 z\u00e1le\u017eitosti, vybavili veci aj v s\u00favislosti so svojimi de\u0165mi \u010do sa t\u00fdka starostlivosti o ich zdravotn\u00fd stav, a preto si ukrojuj\u00fa na tieto z\u00e1le\u017eitosti aj z dovolenky,\u201c<\/em>&nbsp;argumentuj\u00fa predkladatelia.<\/p>\n\n\n\n<h2 class=\"wp-block-heading\">Jeden de\u0148 nepretr\u017eit\u00e9ho odpo\u010dinku viac<\/h2>\n\n\n\n<p>Ak to typ a povaha pracovn\u00e9ho miesta umo\u017e\u0148uje, zamestn\u00e1vate\u013e bude musie\u0165 zamestnancovi na z\u00e1klade jeho \u017eiadosti rozvrhn\u00fa\u0165 t\u00fd\u017edenn\u00fd pracovn\u00fd \u010das na \u0161tyri dni.<\/p>\n\n\n\n<p>Ak o toto rozvrhnutie ustanoven\u00e9ho t\u00fd\u017edenn\u00e9ho pracovn\u00e9ho \u010dasu zamestnanec po\u017eiada a prerokuje to so zamestn\u00e1vate\u013eom, zamestn\u00e1vate\u013e bude povinn\u00fd rozvrhn\u00fa\u0165 t\u00fd\u017edenn\u00fd pracovn\u00fd \u010das zamestnanca tak, \u017ee zamestnanec z\u00edska de\u0148 nepretr\u017eit\u00e9ho odpo\u010dinku naviac.<\/p>\n\n\n\n<p>Zamestnanec by tak mal v porovnan\u00ed s in\u00fdmi zamestnancami na obdobnej poz\u00edcii o jeden de\u0148 nepretr\u017eit\u00e9ho odpo\u010dinku viac, a to za predpokladu odpracovania rovnak\u00e9ho po\u010dtu hod\u00edn za t\u00fd\u017ede\u0148 ako jeho kolegovia, ktor\u00ed pracuj\u00fa p\u00e4\u0165 dn\u00ed.<\/p>\n\n\n\n<p><em>\u201eNapr\u00edklad, ak \u00fa\u010dtovn\u00ed\u010dka bude chodi\u0165 do pr\u00e1ce v pondelok a v stredu na 12 hod\u00edn a v utorok a \u0161tvrtok na osem hod\u00edn, v piatok u\u017e nebude musie\u0165 pr\u00eds\u0165 do pr\u00e1ce. T\u00fdm m\u00f4\u017ee z\u00edska\u0165 teoreticky ka\u017ed\u00fd t\u00fd\u017ede\u0148 v roku pred\u013a\u017een\u00fd trojd\u0148ov\u00fd v\u00edkend s rodinou, pr\u00edbuzn\u00fdmi a priate\u013emi, pr\u00edpadne ho vyu\u017ei\u0165 na starostlivos\u0165 o rodi\u010dov v pokro\u010dilom veku,\u201c<\/em>&nbsp;dodali poslanci za hnutie Slovensko.<\/p>\n","protected":false},"excerpt":{"rendered":"<p>13.1.2024 (SITA.sk) \u2013 Skupina poslancov za\u00a0hnutie Slovensko\u00a0predlo\u017eila do parlamentu n\u00e1vrh novely\u00a0Z\u00e1konn\u00edka pr\u00e1ce. Opozi\u010dn\u00ed poslanci navrhuj\u00fa od j\u00fala tohto roka na Slovensku zavies\u0165\u00a0\u0161tvord\u0148ov\u00fd pracovn\u00fd t\u00fd\u017ede\u0148\u00a0pri odpracovan\u00ed &hellip; <\/p>\n","protected":false},"author":1,"featured_media":809,"comment_status":"closed","ping_status":"open","sticky":false,"template":"","format":"standard","meta":{"om_disable_all_campaigns":false,"_monsterinsights_skip_tracking":false,"_monsterinsights_sitenote_active":false,"_monsterinsights_sitenote_note":"","_monsterinsights_sitenote_category":0,"footnotes":""},"categories":[260],"tags":[],"class_list":["post-807","post","type-post","status-publish","format-standard","has-post-thumbnail","hentry","category-spravy"],"_links":{"self":[{"href":"https:\/\/www.chcemzamestnanie.sk\/index.php?rest_route=\/wp\/v2\/posts\/807","targetHints":{"allow":["GET"]}}],"collection":[{"href":"https:\/\/www.chcemzamestnanie.sk\/index.php?rest_route=\/wp\/v2\/posts"}],"about":[{"href":"https:\/\/www.chcemzamestnanie.sk\/index.php?rest_route=\/wp\/v2\/types\/post"}],"author":[{"embeddable":true,"href":"https:\/\/www.chcemzamestnanie.sk\/index.php?rest_route=\/wp\/v2\/users\/1"}],"replies":[{"embeddable":true,"href":"https:\/\/www.chcemzamestnanie.sk\/index.php?rest_route=%2Fwp%2Fv2%2Fcomments&post=807"}],"version-history":[{"count":1,"href":"https:\/\/www.chcemzamestnanie.sk\/index.php?rest_route=\/wp\/v2\/posts\/807\/revisions"}],"predecessor-version":[{"id":810,"href":"https:\/\/www.chcemzamestnanie.sk\/index.php?rest_route=\/wp\/v2\/posts\/807\/revisions\/810"}],"wp:featuredmedia":[{"embeddable":true,"href":"https:\/\/www.chcemzamestnanie.sk\/index.php?rest_route=\/wp\/v2\/media\/809"}],"wp:attachment":[{"href":"https:\/\/www.chcemzamestnanie.sk\/index.php?rest_route=%2Fwp%2Fv2%2Fmedia&parent=807"}],"wp:term":[{"taxonomy":"category","embeddable":true,"href":"https:\/\/www.chcemzamestnanie.sk\/index.php?rest_route=%2Fwp%2Fv2%2Fcategories&post=807"},{"taxonomy":"post_tag","embeddable":true,"href":"https:\/\/www.chcemzamestnanie.sk\/index.php?rest_route=%2Fwp%2Fv2%2Ftags&post=807"}],"curies":[{"name":"wp","href":"https:\/\/api.w.org\/{rel}","templated":true}]}}