{"id":7497,"date":"2025-02-20T20:46:01","date_gmt":"2025-02-20T19:46:01","guid":{"rendered":"https:\/\/www.chcemzamestnanie.sk\/?p=7497"},"modified":"2025-02-20T20:46:04","modified_gmt":"2025-02-20T19:46:04","slug":"pilotny-projekt-praca-namiesto-davok-odstartoval-v-handlovej","status":"publish","type":"post","link":"https:\/\/www.chcemzamestnanie.sk\/?p=7497","title":{"rendered":"Pilotn\u00fd projekt &#8222;Pr\u00e1ca namiesto d\u00e1vok&#8220; od\u0161tartoval v Handlovej"},"content":{"rendered":"\n<p>Minister pr\u00e1ce, soci\u00e1lnych vec\u00ed a rodiny SR Erik Tom\u00e1\u0161 spolu s ministrom \u017eivotn\u00e9ho prostredia SR Tom\u00e1\u0161om Tarabom predstavili pilotn\u00fd projekt &#8222;Pr\u00e1ca namiesto d\u00e1vok&#8220;. Cie\u013eom iniciat\u00edvy je pon\u00faknu\u0165 nezamestnan\u00fdm osob\u00e1m pr\u00e1cu v soci\u00e1lnych podnikoch, ktor\u00e9 bud\u00fa poskytova\u0165 slu\u017eby pre \u0161t\u00e1tne in\u0161tit\u00facie.<\/p>\n\n\n\n<p>Prv\u00fdm konkr\u00e9tnym krokom je spolupr\u00e1ca Slovensk\u00e9ho vodohospod\u00e1rskeho podniku, spadaj\u00faceho pod Ministerstvo \u017eivotn\u00e9ho prostredia, so soci\u00e1lnym podnikom v Handlovej. Tento podnik sa zameriava na \u010distenie rie\u010dnych tokov v okol\u00ed.<\/p>\n\n\n\n<h3 class=\"wp-block-heading\">\u0160t\u00e1t prispeje na mzdy<\/h3>\n\n\n\n<p>Ministerstvo pr\u00e1ce zabezpe\u010d\u00ed \u010das\u0165 miezd prostredn\u00edctvom eurofondov. Pre znev\u00fdhodnen\u00fdch uch\u00e1dza\u010dov preplatia 50 % ceny pr\u00e1ce, pri zdravotne znev\u00fdhodnen\u00fdch a\u017e 75 % celkov\u00fdch n\u00e1kladov na mzdy.<\/p>\n\n\n\n<p>&#8222;Avizoval som, \u017ee sme vytvorili pracovn\u00e9 skupiny s ministerstvom \u017eivotn\u00e9ho prostredia a hospod\u00e1rstva na h\u013eadanie mo\u017enost\u00ed, ako vytvori\u0165 nov\u00e9 pracovn\u00e9 miesta. Medzi skupinou nezamestnan\u00fdch m\u00e1me najviac dlhodobo nezamestnan\u00fdch alebo n\u00edzko kvalifikovan\u00fdch \u013eud\u00ed, a pr\u00e1ve pre nich chceme vytvori\u0165 tak\u00e9to pracovn\u00e9 pr\u00edle\u017eitosti,&#8220; uviedol minister pr\u00e1ce Erik Tom\u00e1\u0161.<\/p>\n\n\n\n<p>Pod\u013ea neho a\u017e 40 % nezamestnan\u00fdch tvoria dlhodobo nezamestnan\u00ed a 31 % \u013eudia s n\u00edzkou kvalifik\u00e1ciou. Soci\u00e1lny podnik v Handlovej vy\u010dist\u00ed rie\u010dne toky v d\u013a\u017eke troch kilometrov. Pr\u00e1ce by mali by\u0165 dokon\u010den\u00e9 do konca febru\u00e1ra.<\/p>\n\n\n\n<h3 class=\"wp-block-heading\">V\u00fdrazn\u00e1 \u00faspora n\u00e1kladov<\/h3>\n\n\n\n<p>Gener\u00e1lny riadite\u013e Slovensk\u00e9ho vodohospod\u00e1rskeho podniku Jozef Morav\u010d\u00edk ocenil, \u017ee projekt prin\u00e1\u0161a aj finan\u010dn\u00e9 \u00faspory. Be\u017en\u00e9 n\u00e1klady na \u010distenie riek by st\u00e1li pribli\u017ene 200-tis\u00edc eur, no v\u010faka soci\u00e1lnemu podniku bud\u00fa v\u00fddavky len 60-tis\u00edc eur. \u0160t\u00e1t tak u\u0161etr\u00ed 140-tis\u00edc eur.<\/p>\n\n\n\n<p>Minister \u017eivotn\u00e9ho prostredia Tom\u00e1\u0161 Taraba pl\u00e1nuje roz\u0161\u00edri\u0165 tento model na \u010distenie rie\u010dnych tokov po celom Slovensku. &#8222;Je absol\u00fatnym mrhan\u00edm finan\u010dn\u00fdch zdrojov, ak peniaze id\u00fa \u013eu\u010fom, ktor\u00ed by za norm\u00e1lnych okolnost\u00ed mohli pracova\u0165 a u\u017eivi\u0165 sa,&#8220; zd\u00f4raznil Taraba.<\/p>\n\n\n\n<h3 class=\"wp-block-heading\">Podpora zamestnanosti a odbremenenie syst\u00e9mu<\/h3>\n\n\n\n<p>Pod\u013ea Tarabu je d\u00f4le\u017eit\u00e9 odbremeni\u0165 soci\u00e1lny syst\u00e9m a nasmerova\u0165 finan\u010dn\u00e9 prostriedky efekt\u00edvnej\u0161ie. &#8222;Ch\u00e1peme, \u017ee o \u013eud\u00ed zo soci\u00e1lnych podnikov nie je na vo\u013enom trhu pr\u00e1ce z\u00e1ujem, preto vytv\u00e1rame tieto pracovn\u00e9 pr\u00edle\u017eitosti,&#8220; dodal.<\/p>\n\n\n\n<p>V soci\u00e1lnom podniku v Handlovej aktu\u00e1lne pracuje 84 \u013eud\u00ed, z ktor\u00fdch \u010das\u0165 je znev\u00fdhodnen\u00fdch, vr\u00e1tane zdravotne postihnut\u00fdch. Ich mzdy sa pohybuj\u00fa v rozmedz\u00ed od 970 do 1 100 eur v hrubom.<\/p>\n\n\n\n<p>Projekt &#8222;Pr\u00e1ca namiesto d\u00e1vok&#8220; by mohol prinies\u0165 dlhodobej\u0161ie rie\u0161enia pre \u013eud\u00ed, ktor\u00ed maj\u00fa probl\u00e9m uplatni\u0165 sa na be\u017enom trhu pr\u00e1ce, a z\u00e1rove\u0148 prispie\u0165 k efekt\u00edvnej\u0161iemu vyu\u017e\u00edvaniu verejn\u00fdch financi\u00ed.<\/p>\n","protected":false},"excerpt":{"rendered":"<p>Minister pr\u00e1ce, soci\u00e1lnych vec\u00ed a rodiny SR Erik Tom\u00e1\u0161 spolu s ministrom \u017eivotn\u00e9ho prostredia SR Tom\u00e1\u0161om Tarabom predstavili pilotn\u00fd projekt &#8222;Pr\u00e1ca namiesto d\u00e1vok&#8220;. Cie\u013eom iniciat\u00edvy &hellip; <\/p>\n","protected":false},"author":1,"featured_media":7498,"comment_status":"closed","ping_status":"open","sticky":false,"template":"","format":"standard","meta":{"om_disable_all_campaigns":false,"_monsterinsights_skip_tracking":false,"_monsterinsights_sitenote_active":false,"_monsterinsights_sitenote_note":"","_monsterinsights_sitenote_category":0,"footnotes":""},"categories":[260],"tags":[],"class_list":["post-7497","post","type-post","status-publish","format-standard","has-post-thumbnail","hentry","category-spravy"],"_links":{"self":[{"href":"https:\/\/www.chcemzamestnanie.sk\/index.php?rest_route=\/wp\/v2\/posts\/7497","targetHints":{"allow":["GET"]}}],"collection":[{"href":"https:\/\/www.chcemzamestnanie.sk\/index.php?rest_route=\/wp\/v2\/posts"}],"about":[{"href":"https:\/\/www.chcemzamestnanie.sk\/index.php?rest_route=\/wp\/v2\/types\/post"}],"author":[{"embeddable":true,"href":"https:\/\/www.chcemzamestnanie.sk\/index.php?rest_route=\/wp\/v2\/users\/1"}],"replies":[{"embeddable":true,"href":"https:\/\/www.chcemzamestnanie.sk\/index.php?rest_route=%2Fwp%2Fv2%2Fcomments&post=7497"}],"version-history":[{"count":1,"href":"https:\/\/www.chcemzamestnanie.sk\/index.php?rest_route=\/wp\/v2\/posts\/7497\/revisions"}],"predecessor-version":[{"id":7499,"href":"https:\/\/www.chcemzamestnanie.sk\/index.php?rest_route=\/wp\/v2\/posts\/7497\/revisions\/7499"}],"wp:featuredmedia":[{"embeddable":true,"href":"https:\/\/www.chcemzamestnanie.sk\/index.php?rest_route=\/wp\/v2\/media\/7498"}],"wp:attachment":[{"href":"https:\/\/www.chcemzamestnanie.sk\/index.php?rest_route=%2Fwp%2Fv2%2Fmedia&parent=7497"}],"wp:term":[{"taxonomy":"category","embeddable":true,"href":"https:\/\/www.chcemzamestnanie.sk\/index.php?rest_route=%2Fwp%2Fv2%2Fcategories&post=7497"},{"taxonomy":"post_tag","embeddable":true,"href":"https:\/\/www.chcemzamestnanie.sk\/index.php?rest_route=%2Fwp%2Fv2%2Ftags&post=7497"}],"curies":[{"name":"wp","href":"https:\/\/api.w.org\/{rel}","templated":true}]}}