{"id":7494,"date":"2025-02-20T20:43:03","date_gmt":"2025-02-20T19:43:03","guid":{"rendered":"https:\/\/www.chcemzamestnanie.sk\/?p=7494"},"modified":"2025-02-20T20:43:12","modified_gmt":"2025-02-20T19:43:12","slug":"nezamestnanost-na-slovensku-mierne-klesla-volnych-miest-pribudlo","status":"publish","type":"post","link":"https:\/\/www.chcemzamestnanie.sk\/?p=7494","title":{"rendered":"Nezamestnanos\u0165 na Slovensku mierne klesla, vo\u013en\u00fdch miest pribudlo"},"content":{"rendered":"\n<p>Nezamestnanos\u0165 na Slovensku medziro\u010dne mierne klesla. Podiel disponibiln\u00fdch uch\u00e1dza\u010dov o zamestnanie (PDU) dosiahol v janu\u00e1ri 2025 \u00farove\u0148 3,92 percenta. Vypl\u00fdva to z \u00fadajov \u00daradov pr\u00e1ce, soci\u00e1lnych vec\u00ed a rodiny.<\/p>\n\n\n\n<p>Klesaj\u00faci trend potvrdzuje aj po\u010det evidovan\u00fdch uch\u00e1dza\u010dov o zamestnanie, ktor\u00fd sa v porovnan\u00ed s janu\u00e1rom 2024 zni\u017eil o 6-tis\u00edc na 166-tis\u00edc os\u00f4b. Vo\u013en\u00fdch pracovn\u00fdch miest bolo na za\u010diatku roka viac ako 96-tis\u00edc, \u010do predstavuje medziro\u010dn\u00fd n\u00e1rast o 14-tis\u00edc.<\/p>\n\n\n\n<h3 class=\"wp-block-heading\">Region\u00e1lne rozdiely pretrv\u00e1vaj\u00fa<\/h3>\n\n\n\n<p>Najni\u017e\u0161iu nezamestnanos\u0165 evidovali v Bratislavskom kraji, kde PDU dosiahol 2,75 percenta. Naopak, najvy\u0161\u0161ia nezamestnanos\u0165 bola v Pre\u0161ovskom kraji s hodnotou 6,23 percenta.<\/p>\n\n\n\n<p>Aj ke\u010f v medziro\u010dnom porovnan\u00ed nezamestnanos\u0165 klesla, v porovnan\u00ed s decembrom 2024 do\u0161lo k miernemu n\u00e1rastu o 0,11 percentu\u00e1lneho bodu. Po\u010det evidovan\u00fdch uch\u00e1dza\u010dov o zamestnanie sa medzimesa\u010dne zv\u00fd\u0161il o 2 400 os\u00f4b.<\/p>\n\n\n\n<h3 class=\"wp-block-heading\">Sez\u00f3nne v\u00fdkyvy a o\u010dak\u00e1vania<\/h3>\n\n\n\n<p>Pod\u013ea analytikov z In\u0161tit\u00fatu pre soci\u00e1lnu politiku n\u00e1rast nezamestnanosti na prelome rokov nie je prekvapen\u00edm. Upozornili, \u017ee v posledn\u00fdch 24 rokoch zaznamenali \u00farady pr\u00e1ce medzimesa\u010dn\u00fd pokles po\u010dtu evidovan\u00fdch uch\u00e1dza\u010dov v janu\u00e1ri iba v rokoch 2016 a 2017. Zv\u00fd\u0161en\u00fd po\u010det nezamestnan\u00fdch je \u010dasto spojen\u00fd s ukon\u010den\u00edm pracovn\u00fdch zml\u00fav na konci roka.<\/p>\n\n\n\n<p>&#8222;V najbli\u017e\u0161\u00edch mesiacoch o\u010dak\u00e1vame stabiliz\u00e1ciu alebo mierny pokles nezamestnanosti. Prispie\u0165 by k tomu mohli jarn\u00e9 pr\u00e1ce v po\u013enohospod\u00e1rstve a stavebn\u00edctve, ako aj n\u00e1stup do nov\u00fdch zamestnan\u00ed po ukon\u010den\u00ed do\u010dasn\u00fdch pracovn\u00fdch pomerov v decembri,&#8220; uviedli analytici.<\/p>\n\n\n\n<h3 class=\"wp-block-heading\">Viac vo\u013en\u00fdch pracovn\u00fdch miest<\/h3>\n\n\n\n<p>Napriek sez\u00f3nnym v\u00fdkyvom zost\u00e1va ponuka pr\u00e1ce stabiln\u00e1. V janu\u00e1ri 2025 evidovali \u00farady pr\u00e1ce viac ako 96-tis\u00edc vo\u013en\u00fdch miest, \u010do je o 14-tis\u00edc viac ako pred rokom. V porovnan\u00ed s decembrom v\u0161ak ponuka mierne klesla o takmer tis\u00edc pracovn\u00fdch miest.<\/p>\n\n\n\n<p>Pod\u013ea odborn\u00edkov by mal trh pr\u00e1ce osta\u0165 stabiln\u00fd aj v nasleduj\u00facich mesiacoch, s miernymi v\u00fdkyvmi v z\u00e1vislosti od sez\u00f3nnych faktorov a hospod\u00e1rskej situ\u00e1cie.<\/p>\n","protected":false},"excerpt":{"rendered":"<p>Nezamestnanos\u0165 na Slovensku medziro\u010dne mierne klesla. Podiel disponibiln\u00fdch uch\u00e1dza\u010dov o zamestnanie (PDU) dosiahol v janu\u00e1ri 2025 \u00farove\u0148 3,92 percenta. Vypl\u00fdva to z \u00fadajov \u00daradov pr\u00e1ce, &hellip; <\/p>\n","protected":false},"author":1,"featured_media":7495,"comment_status":"closed","ping_status":"open","sticky":false,"template":"","format":"standard","meta":{"om_disable_all_campaigns":false,"_monsterinsights_skip_tracking":false,"_monsterinsights_sitenote_active":false,"_monsterinsights_sitenote_note":"","_monsterinsights_sitenote_category":0,"footnotes":""},"categories":[260],"tags":[69,610,596,562],"class_list":["post-7494","post","type-post","status-publish","format-standard","has-post-thumbnail","hentry","category-spravy","tag-brigada","tag-chcempracu","tag-praca","tag-zamestnavatel"],"_links":{"self":[{"href":"https:\/\/www.chcemzamestnanie.sk\/index.php?rest_route=\/wp\/v2\/posts\/7494","targetHints":{"allow":["GET"]}}],"collection":[{"href":"https:\/\/www.chcemzamestnanie.sk\/index.php?rest_route=\/wp\/v2\/posts"}],"about":[{"href":"https:\/\/www.chcemzamestnanie.sk\/index.php?rest_route=\/wp\/v2\/types\/post"}],"author":[{"embeddable":true,"href":"https:\/\/www.chcemzamestnanie.sk\/index.php?rest_route=\/wp\/v2\/users\/1"}],"replies":[{"embeddable":true,"href":"https:\/\/www.chcemzamestnanie.sk\/index.php?rest_route=%2Fwp%2Fv2%2Fcomments&post=7494"}],"version-history":[{"count":1,"href":"https:\/\/www.chcemzamestnanie.sk\/index.php?rest_route=\/wp\/v2\/posts\/7494\/revisions"}],"predecessor-version":[{"id":7496,"href":"https:\/\/www.chcemzamestnanie.sk\/index.php?rest_route=\/wp\/v2\/posts\/7494\/revisions\/7496"}],"wp:featuredmedia":[{"embeddable":true,"href":"https:\/\/www.chcemzamestnanie.sk\/index.php?rest_route=\/wp\/v2\/media\/7495"}],"wp:attachment":[{"href":"https:\/\/www.chcemzamestnanie.sk\/index.php?rest_route=%2Fwp%2Fv2%2Fmedia&parent=7494"}],"wp:term":[{"taxonomy":"category","embeddable":true,"href":"https:\/\/www.chcemzamestnanie.sk\/index.php?rest_route=%2Fwp%2Fv2%2Fcategories&post=7494"},{"taxonomy":"post_tag","embeddable":true,"href":"https:\/\/www.chcemzamestnanie.sk\/index.php?rest_route=%2Fwp%2Fv2%2Ftags&post=7494"}],"curies":[{"name":"wp","href":"https:\/\/api.w.org\/{rel}","templated":true}]}}