{"id":571,"date":"2024-01-03T21:19:08","date_gmt":"2024-01-03T20:19:08","guid":{"rendered":"https:\/\/www.chcemzamestnanie.sk\/?p=571"},"modified":"2024-01-23T21:19:49","modified_gmt":"2024-01-23T20:19:49","slug":"jazykova-skola-je-pre-slovakov-aj-cudzincov","status":"publish","type":"post","link":"https:\/\/www.chcemzamestnanie.sk\/?p=571","title":{"rendered":"Jazykov\u00e1 \u0161kola je pre Slov\u00e1kov aj cudzincov"},"content":{"rendered":"\n<p><strong><em>azykov\u00e1 \u0161kola Pre\u0161ov m\u00e1 kurzy nielen pre Slov\u00e1kov, ktor\u00ed sa chc\u00fa u\u010di\u0165 cudzie jazyk, ale aj pre cudzincov, ktor\u00ed chc\u00fa ovl\u00e1da\u0165 sloven\u010dinu. Prihl\u00e1si\u0165 sa m\u00f4\u017eete na kurzy angli\u010dtiny, \u0161paniel\u010diny, franc\u00faz\u0161tiny ale aj sloven\u010diny.&nbsp;<\/em><\/strong><\/p>\n\n\n\n<h2 class=\"wp-block-heading\">\u010co z\u00edskate v\u010faka jazykov\u00fdm kurzom?<\/h2>\n\n\n\n<p>Dobr\u00e1 jazykov\u00e1 \u0161kola\u00a0v\u00e1m umo\u017en\u00ed zostavi\u0165 si vlastn\u00fd pl\u00e1n. Je teda iba na v\u00e1s, \u010di sa potrebujete zamera\u0165 na gramatiku, pripravi\u0165 sa na maturitu \u010di pracovn\u00fd pohor, alebo vedie\u0165 skvele konverzova\u0165. Samozrejme je dostupn\u00fd aj komplexn\u00fd kurz gramatiky a konverz\u00e1cie. Vybra\u0165 si m\u00f4\u017eete dokonca aj odvetvie, na ktor\u00e9 sa treba zamera\u0165, \u010do ocen\u00edte najm\u00e4 pri pr\u00e1ci v zahrani\u010d\u00ed alebo v zahrani\u010dnej spolo\u010dnosti.<\/p>\n\n\n\n<p>Kurzy angli\u010dtiny, \u0161paniel\u010diny aj franc\u00faz\u0161tiny prebiehaj\u00fa online a ved\u00fa ich lektori z cel\u00e9ho sveta. \u010cas kurzu si vie\u0161 prisp\u00f4sobi\u0165 svojim potreb\u00e1m a absolvova\u0165 ho r\u00e1no, ve\u010der alebo aj na obed. Kurz m\u00f4\u017ee by\u0165 individu\u00e1lny, skupinov\u00fd alebo kombinovan\u00fd. Ke\u010f sa zlep\u0161\u00edte v cudzom jazyku, otvoria sa v\u00e1m aj nov\u00e9 mo\u017enosti. M\u00f4\u017eete cestova\u0165, nadv\u00e4zova\u0165 kontakty s cudzincami ale aj kari\u00e9rne post\u00fapi\u0165. Samozrejme sa v\u00e1m aj zv\u00fd\u0161i sebavedomie.<\/p>\n\n\n\n<h2 class=\"wp-block-heading\">Kurzy sloven\u010diny pre cudzincov<\/h2>\n\n\n\n<p>Tak ako Slov\u00e1ci cestuj\u00fa za pr\u00e1cou \u010di \u017eivotn\u00fdmi sk\u00fasenos\u0165ami do zahrani\u010dia, chodia aj mnoh\u00ed cudzinci sem na Slovensko. Jazykov\u00e1 \u0161kola preto pripravila aj kurz\u00a0sloven\u010dina pre cudzincov. Kurzy pre cudzincov prebiehaj\u00fa rovnako ako kurzy cudz\u00edch jazykov pre Slov\u00e1kov. Ako cudzinec sa m\u00f4\u017eete zdokonali\u0165 v konverz\u00e1cii a gramatike, ale dok\u00e1\u017eu v\u00e1s pripravi\u0165 aj na rozdielov\u00e9 sk\u00fa\u0161ky.<\/p>\n\n\n\n<p>Ak chcete rozpr\u00e1va\u0165 slovensky bez ob\u00e1v, jazykov\u00e1 \u0161kola v\u00e1m zostav\u00ed pl\u00e1n a mieru a poskytne aj materi\u00e1ly. Kurzy prebiehaj\u00fa online&nbsp; a net\u00fdkaj\u00fa sa iba dospel\u00fdch. Dostupn\u00e9 s\u00fa aj kurzy pre deti, ktor\u00e9 dok\u00e1\u017eu v\u0161etko nov\u00e9 r\u00fdchlo vstreb\u00e1va\u0165. Objedna\u0165 je mo\u017en\u00e9 aj kurzy pre firmy, tak\u017ee zdokonali\u0165 sa v jazyku m\u00f4\u017eu aj zamestnanci va\u0161ej spolo\u010dnosti.<\/p>\n","protected":false},"excerpt":{"rendered":"<p>azykov\u00e1 \u0161kola Pre\u0161ov m\u00e1 kurzy nielen pre Slov\u00e1kov, ktor\u00ed sa chc\u00fa u\u010di\u0165 cudzie jazyk, ale aj pre cudzincov, ktor\u00ed chc\u00fa ovl\u00e1da\u0165 sloven\u010dinu. Prihl\u00e1si\u0165 sa m\u00f4\u017eete &hellip; <\/p>\n","protected":false},"author":1,"featured_media":572,"comment_status":"closed","ping_status":"open","sticky":false,"template":"","format":"standard","meta":{"om_disable_all_campaigns":false,"_monsterinsights_skip_tracking":false,"_monsterinsights_sitenote_active":false,"_monsterinsights_sitenote_note":"","_monsterinsights_sitenote_category":0,"footnotes":""},"categories":[223],"tags":[],"class_list":["post-571","post","type-post","status-publish","format-standard","has-post-thumbnail","hentry","category-blog"],"_links":{"self":[{"href":"https:\/\/www.chcemzamestnanie.sk\/index.php?rest_route=\/wp\/v2\/posts\/571","targetHints":{"allow":["GET"]}}],"collection":[{"href":"https:\/\/www.chcemzamestnanie.sk\/index.php?rest_route=\/wp\/v2\/posts"}],"about":[{"href":"https:\/\/www.chcemzamestnanie.sk\/index.php?rest_route=\/wp\/v2\/types\/post"}],"author":[{"embeddable":true,"href":"https:\/\/www.chcemzamestnanie.sk\/index.php?rest_route=\/wp\/v2\/users\/1"}],"replies":[{"embeddable":true,"href":"https:\/\/www.chcemzamestnanie.sk\/index.php?rest_route=%2Fwp%2Fv2%2Fcomments&post=571"}],"version-history":[{"count":1,"href":"https:\/\/www.chcemzamestnanie.sk\/index.php?rest_route=\/wp\/v2\/posts\/571\/revisions"}],"predecessor-version":[{"id":573,"href":"https:\/\/www.chcemzamestnanie.sk\/index.php?rest_route=\/wp\/v2\/posts\/571\/revisions\/573"}],"wp:featuredmedia":[{"embeddable":true,"href":"https:\/\/www.chcemzamestnanie.sk\/index.php?rest_route=\/wp\/v2\/media\/572"}],"wp:attachment":[{"href":"https:\/\/www.chcemzamestnanie.sk\/index.php?rest_route=%2Fwp%2Fv2%2Fmedia&parent=571"}],"wp:term":[{"taxonomy":"category","embeddable":true,"href":"https:\/\/www.chcemzamestnanie.sk\/index.php?rest_route=%2Fwp%2Fv2%2Fcategories&post=571"},{"taxonomy":"post_tag","embeddable":true,"href":"https:\/\/www.chcemzamestnanie.sk\/index.php?rest_route=%2Fwp%2Fv2%2Ftags&post=571"}],"curies":[{"name":"wp","href":"https:\/\/api.w.org\/{rel}","templated":true}]}}