{"id":4686,"date":"2024-07-01T18:56:11","date_gmt":"2024-07-01T16:56:11","guid":{"rendered":"https:\/\/www.chcemzamestnanie.sk\/?p=4686"},"modified":"2024-07-01T22:13:15","modified_gmt":"2024-07-01T20:13:15","slug":"prestante-cakat-a-zacnite-konat-myslienky-ktore-vam-brania-najst-lepsiu-pracu","status":"publish","type":"post","link":"https:\/\/www.chcemzamestnanie.sk\/?p=4686","title":{"rendered":"Presta\u0148te \u010daka\u0165 a za\u010dnite kona\u0165: My\u0161lienky, ktor\u00e9 v\u00e1m br\u00e1nia n\u00e1js\u0165 lep\u0161iu pr\u00e1cu"},"content":{"rendered":"\n<p>Predt\u00fdm ma<a href=\"https:\/\/www.chcemzamestnanie.sk\/ponuky\/\" target=\"_blank\" rel=\"noopener\" title=\" pr\u00e1ca\"> pr\u00e1ca<\/a> bavila, ale teraz u\u017e ve\u013emi nie, prev\u00e1\u017eili menej zauj\u00edmav\u00e9 \u00falohy. Alebo je pr\u00e1ca fajn, ale dali n\u00e1m nov\u00e9ho \u0161\u00e9fa a hne\u010f od za\u010diatku bolo jasn\u00e9, \u017ee nie sme rovnak\u00e1 krvn\u00e1 skupina. Tak pre\u017e\u00edvam a predstavujem si, ak\u00e9 by to bolo, keby&#8230; Pre\u010do si to ale len predstavova\u0165? Zmenu m\u00e1 ka\u017ed\u00fd vo svojich ruk\u00e1ch. Mus\u00ed pre \u0148u ale nie\u010do urobi\u0165 a zahna\u0165 my\u0161lienky, ktor\u00e9 ho od nej zr\u00e1dzaj\u00fa.<\/p>\n\n\n\n<h4 class=\"wp-block-heading\">U\u017e som tu ve\u013emi dlho a pre\u0161iel mi vlak<\/h4>\n\n\n\n<p>Niektor\u00ed \u013eudia chc\u00fa st\u00e1le nie\u010do nov\u00e9, \u010di u\u017e ide o opa\u013eovac\u00ed kr\u00e9m, lektora angli\u010dtiny, alebo pr\u00e1cu. In\u00ed zost\u00e1vaj\u00fa vern\u00ed. Na zmenu ich mus\u00ed postr\u010di\u0165 siln\u00fd impulz. Ak ten nepr\u00edde, nie s\u00fa k zmene pr\u00edli\u0161 ochotn\u00ed. \u010casom ich spokojnos\u0165 slabne, a\u017e ke\u010f je takmer na nule, maj\u00fa pocit, \u017ee u\u017e je pr\u00edli\u0161 neskoro nie\u010do zmeni\u0165. V hlave im be\u017e\u00ed slu\u010dka: \u201eSom tu u\u017e sto rokov. Kde ma teraz vezm\u00fa?\u201c Tento strach z nezn\u00e1ma ich brzd\u00ed.<\/p>\n\n\n\n<h4 class=\"wp-block-heading\">Rad\u0161ej to nesk\u00fasim, \u010do keby to nevy\u0161lo<\/h4>\n\n\n\n<p>Tak\u00e9 my\u0161lienky n\u00e1s \u010dasto udr\u017euj\u00fa v stave zmierenosti. \u010clovek s\u00edce nie je pr\u00edli\u0161 spokojn\u00fd, ale inde by nemal \u0161ancu, tak na\u010do sk\u00fa\u0161a\u0165? Je to pohodln\u00e9, ale m\u00e1lo uspokojuj\u00face. Niekedy ide o obrann\u00fd postoj: Keby som za\u010dal rozosiela\u0165 <a href=\"https:\/\/www.chcemzamestnanie.sk\/category\/vzory-zmluv\/\" target=\"_blank\" rel=\"noopener\" title=\"\">CV<\/a> a nikde by ma nevzali, potvrdili by sa moje obavy. Takto existuje aspo\u0148 n\u00e1dej, \u017ee m\u00e1m \u0161ancu. Tento za\u010darovan\u00fd kruh n\u00e1m br\u00e1ni \u010deli\u0165 nepr\u00edjemnostiam.<\/p>\n\n\n\n<h4 class=\"wp-block-heading\">Teraz nie je na zmenu \u010das<\/h4>\n\n\n\n<p>Doba je zlo\u017eit\u00e1, ale v\u017edy bude nie\u010do, \u010do budeme pova\u017eova\u0165 za riziko. Napriek tomu je pracovn\u00fd trh st\u00e1le v situ\u00e1cii, ke\u010f je zv\u00fd\u0161en\u00fd dopyt po nov\u00fdch zamestnancoch. Preto je teraz vhodn\u00fd \u010das na zmenu zamestn\u00e1vate\u013ea.<\/p>\n\n\n\n<h4 class=\"wp-block-heading\">Zbyto\u010dne ne\u010dakajte<\/h4>\n\n\n\n<p>Mnoho \u013eud\u00ed pretrv\u00e1va v neistote roky. Ak by n\u00e1s vyhodili, museli by sme si pr\u00e1cu h\u013eada\u0165 tak \u010di tak. Tak pre\u010do to neurobi\u0165, ke\u010f c\u00edtime, \u017ee zmena by n\u00e1m prospela? H\u013eadanie pr\u00e1ce je proces, ktor\u00fd si vy\u017eaduje \u00fasilie, trpezlivos\u0165 a komunik\u00e1ciu. Sta\u010d\u00ed nap\u00edsa\u0165 \u017eivotopis, posla\u0165 ho a reagova\u0165 na inzer\u00e1ty. Pohovory s\u00fa pr\u00edle\u017eitos\u0165ou na pr\u00edpravu a zlep\u0161enie \u0161anc\u00ed na \u00faspech.<\/p>\n\n\n\n<h3 class=\"wp-block-heading\">Komunik\u00e1cia je k\u013e\u00fa\u010dov\u00e1<\/h3>\n\n\n\n<p>Mus\u00edte za\u010da\u0165 komunikova\u0165 s in\u00fdmi <a href=\"https:\/\/www.chcemzamestnanie.sk\/pre-firmy\/\" target=\"_blank\" rel=\"noopener\" title=\"\">zamestn\u00e1vate\u013emi<\/a>. Bez toho sa va\u0161a kari\u00e9ra nepohne. Sledovanie pon\u00fak v\u00e1s m\u00f4\u017ee nabi\u0165 optimizmom. Nedodali ste si odvahy? Nevyst\u00fapili zo svojej komfortnej z\u00f3ny? M\u00f4\u017eete jedine z\u00edska\u0165.<\/p>\n\n\n\n<p>Viac k t\u00e9me:<\/p>\n\n\n\n<p><a href=\"https:\/\/www.chcemzamestnanie.sk\/\" target=\"_blank\" rel=\"noreferrer noopener\">Chcemzamestnanie.sk<\/a>, <a href=\"https:\/\/www.chcemzamestnanie.sk\/pre-firmy\/\" target=\"_blank\" rel=\"noreferrer noopener\">Firmy<\/a>, <a href=\"https:\/\/www.chcemzamestnanie.sk\/pre-uchadzacov\/\" target=\"_blank\" rel=\"noreferrer noopener\">H\u013ead\u00e1m pr\u00e1cu<\/a>, <a href=\"https:\/\/www.chcemzamestnanie.sk\/ponuky\/\" target=\"_blank\" rel=\"noreferrer noopener\">Ponuky pr\u00e1ce<\/a>, <a href=\"https:\/\/www.chcemzamestnanie.sk\/category\/blog\/\" target=\"_blank\" rel=\"noreferrer noopener\">Blog<\/a>,<a href=\"https:\/\/www.chcemzamestnanie.sk\/category\/vzory-zmluv\/\" target=\"_blank\" rel=\"noreferrer noopener\"> Vzory zml\u00fav<\/a>, <a href=\"https:\/\/www.chcemzamestnanie.sk\/category\/spravy\/\" target=\"_blank\" rel=\"noreferrer noopener\">Spr\u00e1vy<\/a><\/p>\n","protected":false},"excerpt":{"rendered":"<p>Predt\u00fdm ma pr\u00e1ca bavila, ale teraz u\u017e ve\u013emi nie, prev\u00e1\u017eili menej zauj\u00edmav\u00e9 \u00falohy. Alebo je pr\u00e1ca fajn, ale dali n\u00e1m nov\u00e9ho \u0161\u00e9fa a hne\u010f od &hellip; <\/p>\n","protected":false},"author":1,"featured_media":4687,"comment_status":"closed","ping_status":"open","sticky":false,"template":"","format":"standard","meta":{"om_disable_all_campaigns":false,"_monsterinsights_skip_tracking":false,"_monsterinsights_sitenote_active":false,"_monsterinsights_sitenote_note":"","_monsterinsights_sitenote_category":0,"footnotes":""},"categories":[223],"tags":[597,612,613,614,596,576,611],"class_list":["post-4686","post","type-post","status-publish","format-standard","has-post-thumbnail","hentry","category-blog","tag-chcemzamestnanie","tag-hladam-pracu","tag-lepsia-praca","tag-nove-myslienky","tag-praca","tag-zamestnanec","tag-zamestnanie"],"_links":{"self":[{"href":"https:\/\/www.chcemzamestnanie.sk\/index.php?rest_route=\/wp\/v2\/posts\/4686","targetHints":{"allow":["GET"]}}],"collection":[{"href":"https:\/\/www.chcemzamestnanie.sk\/index.php?rest_route=\/wp\/v2\/posts"}],"about":[{"href":"https:\/\/www.chcemzamestnanie.sk\/index.php?rest_route=\/wp\/v2\/types\/post"}],"author":[{"embeddable":true,"href":"https:\/\/www.chcemzamestnanie.sk\/index.php?rest_route=\/wp\/v2\/users\/1"}],"replies":[{"embeddable":true,"href":"https:\/\/www.chcemzamestnanie.sk\/index.php?rest_route=%2Fwp%2Fv2%2Fcomments&post=4686"}],"version-history":[{"count":3,"href":"https:\/\/www.chcemzamestnanie.sk\/index.php?rest_route=\/wp\/v2\/posts\/4686\/revisions"}],"predecessor-version":[{"id":4758,"href":"https:\/\/www.chcemzamestnanie.sk\/index.php?rest_route=\/wp\/v2\/posts\/4686\/revisions\/4758"}],"wp:featuredmedia":[{"embeddable":true,"href":"https:\/\/www.chcemzamestnanie.sk\/index.php?rest_route=\/wp\/v2\/media\/4687"}],"wp:attachment":[{"href":"https:\/\/www.chcemzamestnanie.sk\/index.php?rest_route=%2Fwp%2Fv2%2Fmedia&parent=4686"}],"wp:term":[{"taxonomy":"category","embeddable":true,"href":"https:\/\/www.chcemzamestnanie.sk\/index.php?rest_route=%2Fwp%2Fv2%2Fcategories&post=4686"},{"taxonomy":"post_tag","embeddable":true,"href":"https:\/\/www.chcemzamestnanie.sk\/index.php?rest_route=%2Fwp%2Fv2%2Ftags&post=4686"}],"curies":[{"name":"wp","href":"https:\/\/api.w.org\/{rel}","templated":true}]}}