{"id":4216,"date":"2024-05-14T12:27:00","date_gmt":"2024-05-14T10:27:00","guid":{"rendered":"https:\/\/www.chcemzamestnanie.sk\/?p=4216"},"modified":"2024-07-01T22:10:00","modified_gmt":"2024-07-01T20:10:00","slug":"projekt-pravo-na-prve-zamestnanie-ponuka-financnu-podporu-zamestnavatelom-az-8-000-eur-na-nove-pracovne-miesta","status":"publish","type":"post","link":"https:\/\/www.chcemzamestnanie.sk\/?p=4216","title":{"rendered":"Projekt &#8222;Pr\u00e1vo na prv\u00e9 zamestnanie&#8220; Pon\u00faka Finan\u010dn\u00fa Podporu Zamestn\u00e1vate\u013eom: A\u017e 8 000 Eur na Nov\u00e9 Pracovn\u00e9 Miesta"},"content":{"rendered":"\n<p>Ministerstvo pr\u00e1ce, soci\u00e1lnych vec\u00ed a rodiny spustilo projekt &#8222;Pr\u00e1vo na prv\u00e9 zamestnanie&#8220;, ktor\u00fd je zameran\u00fd na podporu vytv\u00e1rania pracovn\u00fdch miest pre mlad\u00fdch nezamestnan\u00fdch. Tento program, ur\u010den\u00fd najm\u00e4 pre uch\u00e1dza\u010dov o zamestnanie vo veku 19 a\u017e 25 rokov, ktor\u00ed s\u00fa evidovan\u00ed na \u00faradoch pr\u00e1ce minim\u00e1lne dva mesiace a nemali predt\u00fdm pracovn\u00fd pomer trvaj\u00faci dlh\u0161ie ako \u0161es\u0165 mesiacov, poskytuje zamestn\u00e1vate\u013eom finan\u010dn\u00fa podporu a\u017e do v\u00fd\u0161ky 8 000 eur.<\/p>\n\n\n\n<p>Program sa zameriava na poskytnutie prvej pracovnej sk\u00fasenosti a podporu zamestnanosti v regi\u00f3noch, kde je vysok\u00e1 miera nezamestnanosti. Zamestn\u00e1vatelia musia uch\u00e1dza\u010dom pon\u00faknu\u0165 pracovn\u00fa zmluvu na dobu ur\u010dit\u00fa s minim\u00e1lnym trvan\u00edm 12 mesiacov alebo na dobu neur\u010dit\u00fa, pri\u010dom pracovn\u00fd \u00fav\u00e4zok mus\u00ed predstavova\u0165 aspo\u0148 polovicu ustanoven\u00e9ho t\u00fd\u017edenn\u00e9ho pracovn\u00e9ho \u010dasu.<\/p>\n\n\n\n<p>Viacer\u00ed zamestn\u00e1vatelia u\u017e prejavili z\u00e1ujem o tento projekt, \u010do nazna\u010duje, \u017ee opatrenie m\u00f4\u017ee by\u0165 \u00fa\u010dinn\u00fdm rie\u0161en\u00edm pre zlep\u0161enie situ\u00e1cie mlad\u00fdch \u013eud\u00ed na trhu pr\u00e1ce. Minister pr\u00e1ce Erik Tom\u00e1\u0161 uviedol, \u017ee projekt je efekt\u00edvny a potvrdil ochotu vl\u00e1dy pokra\u010dova\u0165 v jeho rozvoji a zlep\u0161ovan\u00ed, aby sa e\u0161te viac zv\u00fd\u0161ila jeho efekt\u00edvnos\u0165 v boji proti nezamestnanosti medzi mlad\u00fdmi.<\/p>\n\n\n\n<p>Viac k t\u00e9me:<\/p>\n\n\n\n<p><a href=\"https:\/\/www.chcemzamestnanie.sk\/\" target=\"_blank\" rel=\"noreferrer noopener\">Chcemzamestnanie.sk<\/a>, <a href=\"https:\/\/www.chcemzamestnanie.sk\/pre-firmy\/\" target=\"_blank\" rel=\"noreferrer noopener\">Firmy<\/a>, <a href=\"https:\/\/www.chcemzamestnanie.sk\/pre-uchadzacov\/\" target=\"_blank\" rel=\"noreferrer noopener\">H\u013ead\u00e1m pr\u00e1cu<\/a>, <a href=\"https:\/\/www.chcemzamestnanie.sk\/ponuky\/\" target=\"_blank\" rel=\"noreferrer noopener\">Ponuky pr\u00e1ce<\/a>, <a href=\"https:\/\/www.chcemzamestnanie.sk\/category\/blog\/\" target=\"_blank\" rel=\"noreferrer noopener\">Blog<\/a>,<a href=\"https:\/\/www.chcemzamestnanie.sk\/category\/vzory-zmluv\/\" target=\"_blank\" rel=\"noreferrer noopener\"> Vzory zml\u00fav<\/a>, <a href=\"https:\/\/www.chcemzamestnanie.sk\/category\/spravy\/\" target=\"_blank\" rel=\"noreferrer noopener\">Spr\u00e1vy<\/a><\/p>\n","protected":false},"excerpt":{"rendered":"<p>Ministerstvo pr\u00e1ce, soci\u00e1lnych vec\u00ed a rodiny spustilo projekt &#8222;Pr\u00e1vo na prv\u00e9 zamestnanie&#8220;, ktor\u00fd je zameran\u00fd na podporu vytv\u00e1rania pracovn\u00fdch miest pre mlad\u00fdch nezamestnan\u00fdch. Tento program, &hellip; <\/p>\n","protected":false},"author":1,"featured_media":3087,"comment_status":"closed","ping_status":"open","sticky":false,"template":"","format":"standard","meta":{"om_disable_all_campaigns":false,"_monsterinsights_skip_tracking":false,"_monsterinsights_sitenote_active":false,"_monsterinsights_sitenote_note":"","_monsterinsights_sitenote_category":0,"footnotes":""},"categories":[260],"tags":[],"class_list":["post-4216","post","type-post","status-publish","format-standard","has-post-thumbnail","hentry","category-spravy"],"_links":{"self":[{"href":"https:\/\/www.chcemzamestnanie.sk\/index.php?rest_route=\/wp\/v2\/posts\/4216","targetHints":{"allow":["GET"]}}],"collection":[{"href":"https:\/\/www.chcemzamestnanie.sk\/index.php?rest_route=\/wp\/v2\/posts"}],"about":[{"href":"https:\/\/www.chcemzamestnanie.sk\/index.php?rest_route=\/wp\/v2\/types\/post"}],"author":[{"embeddable":true,"href":"https:\/\/www.chcemzamestnanie.sk\/index.php?rest_route=\/wp\/v2\/users\/1"}],"replies":[{"embeddable":true,"href":"https:\/\/www.chcemzamestnanie.sk\/index.php?rest_route=%2Fwp%2Fv2%2Fcomments&post=4216"}],"version-history":[{"count":2,"href":"https:\/\/www.chcemzamestnanie.sk\/index.php?rest_route=\/wp\/v2\/posts\/4216\/revisions"}],"predecessor-version":[{"id":4742,"href":"https:\/\/www.chcemzamestnanie.sk\/index.php?rest_route=\/wp\/v2\/posts\/4216\/revisions\/4742"}],"wp:featuredmedia":[{"embeddable":true,"href":"https:\/\/www.chcemzamestnanie.sk\/index.php?rest_route=\/wp\/v2\/media\/3087"}],"wp:attachment":[{"href":"https:\/\/www.chcemzamestnanie.sk\/index.php?rest_route=%2Fwp%2Fv2%2Fmedia&parent=4216"}],"wp:term":[{"taxonomy":"category","embeddable":true,"href":"https:\/\/www.chcemzamestnanie.sk\/index.php?rest_route=%2Fwp%2Fv2%2Fcategories&post=4216"},{"taxonomy":"post_tag","embeddable":true,"href":"https:\/\/www.chcemzamestnanie.sk\/index.php?rest_route=%2Fwp%2Fv2%2Ftags&post=4216"}],"curies":[{"name":"wp","href":"https:\/\/api.w.org\/{rel}","templated":true}]}}