{"id":4018,"date":"2024-04-22T16:24:24","date_gmt":"2024-04-22T14:24:24","guid":{"rendered":"https:\/\/www.chcemzamestnanie.sk\/?p=4018"},"modified":"2024-07-01T22:08:16","modified_gmt":"2024-07-01T20:08:16","slug":"zvysenie-invalidnych-dochodkov-vyznamna-financna-ulava-pre-tisice-poberatelov","status":"publish","type":"post","link":"https:\/\/www.chcemzamestnanie.sk\/?p=4018","title":{"rendered":"Zv\u00fd\u0161enie invalidn\u00fdch d\u00f4chodkov: V\u00fdznamn\u00e1 finan\u010dn\u00e1 \u00fa\u013eava pre tis\u00edce poberate\u013eov"},"content":{"rendered":"\n<p>V auguste minul\u00e9ho roka nadobudla platnos\u0165 vl\u00e1dna novela z\u00e1kona o soci\u00e1lnom poisten\u00ed, ktor\u00e1 priniesla pozit\u00edvne zmeny pre poberate\u013eov invalidn\u00fdch d\u00f4chodkov na Slovensku. Novela, schv\u00e1len\u00e1 parlamentom, upravuje percentu\u00e1lnu mieru poklesu schopnosti vykon\u00e1va\u0165 z\u00e1robkov\u00fa \u010dinnos\u0165 pod\u013ea druhu zdravotn\u00e9ho postihnutia, \u010do umo\u017e\u0148uje v\u00e4\u010d\u0161iemu po\u010dtu \u013eud\u00ed splni\u0165 krit\u00e9ri\u00e1 na priznanie invalidn\u00e9ho d\u00f4chodku.<\/p>\n\n\n\n<p>Zmeny, ktor\u00e9 za\u010dali plati\u0165 od 1. augusta 2023, sa t\u00fdkaj\u00fa predov\u0161etk\u00fdm poberate\u013eov \u010diasto\u010dn\u00fdch invalidn\u00fdch d\u00f4chodkov. Soci\u00e1lna pois\u0165ov\u0148a informuje, \u017ee pribli\u017ene 5 300 s\u00fa\u010dasn\u00fdch poberate\u013eov, ktor\u00ed spadaj\u00fa do kateg\u00f3rie \u201edo 70%\u201c, si svoj d\u00f4chodok zv\u00fd\u0161ia v priemere o viac ako 22 eur mesa\u010dne. \u010eal\u0161\u00edch 16 100 poberate\u013eov \u010diasto\u010dn\u00fdch invalidn\u00fdch d\u00f4chodkov bude preklasifikovan\u00fdch do kateg\u00f3rie \u201enad 70%\u201c, \u010do znamen\u00e1, \u017ee ich d\u00f4chodky sa zv\u00fd\u0161ia v priemere o 182 eur mesa\u010dne.<\/p>\n\n\n\n<p>Pois\u0165ov\u0148a automaticky prehodnocuje a zvy\u0161uje d\u00f4chodky, tak\u017ee \u017eiadatelia nemusia pod\u00e1va\u0165 \u017eiadne \u010fal\u0161ie \u017eiadosti na zv\u00fd\u0161enie svojho d\u00f4chodku. Tento proces je s\u00fa\u010das\u0165ou snahy vl\u00e1dy reagova\u0165 na zmeny v demografickom v\u00fdvoji a zabezpe\u010di\u0165 d\u00f4stojn\u00fd pr\u00edjem pre ob\u010danov so zdravotn\u00fdm postihnut\u00edm. T\u00e1to legislat\u00edvna zmena nie len \u017ee zlep\u0161uje finan\u010dn\u00fa situ\u00e1ciu mnoh\u00fdch poberate\u013eov invalidn\u00fdch d\u00f4chodkov, ale z\u00e1rove\u0148 prispieva k lep\u0161ej soci\u00e1lnej integr\u00e1cii a zvy\u0161uje d\u00f4veru v soci\u00e1lny syst\u00e9m krajiny.<\/p>\n\n\n\n<p>Viac k t\u00e9me:<\/p>\n\n\n\n<p><a href=\"https:\/\/www.chcemzamestnanie.sk\/\" target=\"_blank\" rel=\"noreferrer noopener\">Chcemzamestnanie.sk<\/a>, <a href=\"https:\/\/www.chcemzamestnanie.sk\/pre-firmy\/\" target=\"_blank\" rel=\"noreferrer noopener\">Firmy<\/a>, <a href=\"https:\/\/www.chcemzamestnanie.sk\/pre-uchadzacov\/\" target=\"_blank\" rel=\"noreferrer noopener\">H\u013ead\u00e1m pr\u00e1cu<\/a>, <a href=\"https:\/\/www.chcemzamestnanie.sk\/ponuky\/\" target=\"_blank\" rel=\"noreferrer noopener\">Ponuky pr\u00e1ce<\/a>, <a href=\"https:\/\/www.chcemzamestnanie.sk\/category\/blog\/\" target=\"_blank\" rel=\"noreferrer noopener\">Blog<\/a>,<a href=\"https:\/\/www.chcemzamestnanie.sk\/category\/vzory-zmluv\/\" target=\"_blank\" rel=\"noreferrer noopener\"> Vzory zml\u00fav<\/a>, <a href=\"https:\/\/www.chcemzamestnanie.sk\/category\/spravy\/\" target=\"_blank\" rel=\"noreferrer noopener\">Spr\u00e1vy<\/a><\/p>\n","protected":false},"excerpt":{"rendered":"<p>V auguste minul\u00e9ho roka nadobudla platnos\u0165 vl\u00e1dna novela z\u00e1kona o soci\u00e1lnom poisten\u00ed, ktor\u00e1 priniesla pozit\u00edvne zmeny pre poberate\u013eov invalidn\u00fdch d\u00f4chodkov na Slovensku. Novela, schv\u00e1len\u00e1 parlamentom, &hellip; <\/p>\n","protected":false},"author":1,"featured_media":4019,"comment_status":"closed","ping_status":"open","sticky":false,"template":"","format":"standard","meta":{"om_disable_all_campaigns":false,"_monsterinsights_skip_tracking":false,"_monsterinsights_sitenote_active":false,"_monsterinsights_sitenote_note":"","_monsterinsights_sitenote_category":0,"footnotes":""},"categories":[260],"tags":[],"class_list":["post-4018","post","type-post","status-publish","format-standard","has-post-thumbnail","hentry","category-spravy"],"_links":{"self":[{"href":"https:\/\/www.chcemzamestnanie.sk\/index.php?rest_route=\/wp\/v2\/posts\/4018","targetHints":{"allow":["GET"]}}],"collection":[{"href":"https:\/\/www.chcemzamestnanie.sk\/index.php?rest_route=\/wp\/v2\/posts"}],"about":[{"href":"https:\/\/www.chcemzamestnanie.sk\/index.php?rest_route=\/wp\/v2\/types\/post"}],"author":[{"embeddable":true,"href":"https:\/\/www.chcemzamestnanie.sk\/index.php?rest_route=\/wp\/v2\/users\/1"}],"replies":[{"embeddable":true,"href":"https:\/\/www.chcemzamestnanie.sk\/index.php?rest_route=%2Fwp%2Fv2%2Fcomments&post=4018"}],"version-history":[{"count":2,"href":"https:\/\/www.chcemzamestnanie.sk\/index.php?rest_route=\/wp\/v2\/posts\/4018\/revisions"}],"predecessor-version":[{"id":4731,"href":"https:\/\/www.chcemzamestnanie.sk\/index.php?rest_route=\/wp\/v2\/posts\/4018\/revisions\/4731"}],"wp:featuredmedia":[{"embeddable":true,"href":"https:\/\/www.chcemzamestnanie.sk\/index.php?rest_route=\/wp\/v2\/media\/4019"}],"wp:attachment":[{"href":"https:\/\/www.chcemzamestnanie.sk\/index.php?rest_route=%2Fwp%2Fv2%2Fmedia&parent=4018"}],"wp:term":[{"taxonomy":"category","embeddable":true,"href":"https:\/\/www.chcemzamestnanie.sk\/index.php?rest_route=%2Fwp%2Fv2%2Fcategories&post=4018"},{"taxonomy":"post_tag","embeddable":true,"href":"https:\/\/www.chcemzamestnanie.sk\/index.php?rest_route=%2Fwp%2Fv2%2Ftags&post=4018"}],"curies":[{"name":"wp","href":"https:\/\/api.w.org\/{rel}","templated":true}]}}