{"id":4015,"date":"2024-04-22T12:18:19","date_gmt":"2024-04-22T10:18:19","guid":{"rendered":"https:\/\/www.chcemzamestnanie.sk\/?p=4015"},"modified":"2024-07-01T22:08:07","modified_gmt":"2024-07-01T20:08:07","slug":"zmena-v-dochodkovom-systeme-vek-odchodu-do-dochodku-sa-zvysuje-kto-bude-pracovat-dlhsie","status":"publish","type":"post","link":"https:\/\/www.chcemzamestnanie.sk\/?p=4015","title":{"rendered":"Zmena v d\u00f4chodkovom syst\u00e9me: Vek odchodu do d\u00f4chodku sa zvy\u0161uje, kto bude pracova\u0165 dlh\u0161ie?"},"content":{"rendered":"\n<p>Slovensko sa sna\u017e\u00ed prisp\u00f4sobi\u0165 svoj d\u00f4chodkov\u00fd syst\u00e9m demografick\u00fdm zmen\u00e1m, \u010do vedie k postupn\u00e9mu zvy\u0161ovaniu d\u00f4chodkov\u00e9ho veku. Tento trend je zrete\u013en\u00fd pri porovnan\u00ed ro\u010dn\u00edkov naroden\u00fdch v roku 1966 a 1993, kde sa vek odchodu do d\u00f4chodku zvy\u0161uje pribli\u017ene o tri roky. Konkr\u00e9tne to znamen\u00e1, \u017ee za ka\u017ed\u00fd rok sa d\u00f4chodkov\u00fd vek posunie o pribli\u017ene 1,3 mesiaca.<\/p>\n\n\n\n<p>Slovensk\u00fd d\u00f4chodkov\u00fd syst\u00e9m, zalo\u017een\u00fd na princ\u00edpe PAYG (Pay As You Go), funguje na b\u00e1ze medzigenera\u010dn\u00e9ho prerozde\u013eovania, kde aktu\u00e1lni pracuj\u00faci financuj\u00fa d\u00f4chodky s\u00fa\u010dasn\u00fdch d\u00f4chodcov. Tento syst\u00e9m \u010del\u00ed v\u00fdzvam, najm\u00e4 ke\u010f ekonomick\u00fd rast stagnuje, po\u010det pracuj\u00facich kles\u00e1 a po\u010det d\u00f4chodcov rastie.<\/p>\n\n\n\n<p>Stanovenie d\u00f4chodkov\u00e9ho veku je pre syst\u00e9m PAYG kritick\u00e9, preto\u017ee ur\u010duje, kedy jednotlivci prestan\u00fa prispieva\u0165 do syst\u00e9mu a za\u010dn\u00fa z neho \u010derpa\u0165. Aj ke\u010f vy\u0161\u0161\u00ed d\u00f4chodkov\u00fd vek m\u00f4\u017ee prinies\u0165 \u00faspory pre syst\u00e9m, prin\u00e1\u0161a to aj probl\u00e9my pre \u013eud\u00ed, ktor\u00ed z r\u00f4znych d\u00f4vodov nem\u00f4\u017eu na\u010falej pracova\u0165. Z\u00e1rove\u0148, st\u00fapaj\u00faca d\u013a\u017eka do\u017eitia m\u00f4\u017ee vies\u0165 k poklesu potrebn\u00e9ho d\u00f4chodkov\u00e9ho veku, ak sa tento trend bude dr\u017ea\u0165. V praxi to znamen\u00e1, \u017ee osoby ako pani Katar\u00edna, naroden\u00e1 v roku 1980 a bez det\u00ed, p\u00f4jdu do d\u00f4chodku a\u017e vo veku 66 rokov, zatia\u013e \u010do jej rovesn\u00ed\u010dka, ktor\u00e1 vychovala die\u0165a, by mohla \u00eds\u0165 o pol roka sk\u00f4r.<\/p>\n\n\n\n<p>Viac k t\u00e9me:<\/p>\n\n\n\n<p><a href=\"https:\/\/www.chcemzamestnanie.sk\/\" target=\"_blank\" rel=\"noreferrer noopener\">Chcemzamestnanie.sk<\/a>, <a href=\"https:\/\/www.chcemzamestnanie.sk\/pre-firmy\/\" target=\"_blank\" rel=\"noreferrer noopener\">Firmy<\/a>, <a href=\"https:\/\/www.chcemzamestnanie.sk\/pre-uchadzacov\/\" target=\"_blank\" rel=\"noreferrer noopener\">H\u013ead\u00e1m pr\u00e1cu<\/a>, <a href=\"https:\/\/www.chcemzamestnanie.sk\/ponuky\/\" target=\"_blank\" rel=\"noreferrer noopener\">Ponuky pr\u00e1ce<\/a>, <a href=\"https:\/\/www.chcemzamestnanie.sk\/category\/blog\/\" target=\"_blank\" rel=\"noreferrer noopener\">Blog<\/a>,<a href=\"https:\/\/www.chcemzamestnanie.sk\/category\/vzory-zmluv\/\" target=\"_blank\" rel=\"noreferrer noopener\"> Vzory zml\u00fav<\/a>, <a href=\"https:\/\/www.chcemzamestnanie.sk\/category\/spravy\/\" target=\"_blank\" rel=\"noreferrer noopener\">Spr\u00e1vy<\/a><\/p>\n","protected":false},"excerpt":{"rendered":"<p>Slovensko sa sna\u017e\u00ed prisp\u00f4sobi\u0165 svoj d\u00f4chodkov\u00fd syst\u00e9m demografick\u00fdm zmen\u00e1m, \u010do vedie k postupn\u00e9mu zvy\u0161ovaniu d\u00f4chodkov\u00e9ho veku. Tento trend je zrete\u013en\u00fd pri porovnan\u00ed ro\u010dn\u00edkov naroden\u00fdch v &hellip; <\/p>\n","protected":false},"author":1,"featured_media":4016,"comment_status":"closed","ping_status":"open","sticky":false,"template":"","format":"standard","meta":{"om_disable_all_campaigns":false,"_monsterinsights_skip_tracking":false,"_monsterinsights_sitenote_active":false,"_monsterinsights_sitenote_note":"","_monsterinsights_sitenote_category":0,"footnotes":""},"categories":[260],"tags":[],"class_list":["post-4015","post","type-post","status-publish","format-standard","has-post-thumbnail","hentry","category-spravy"],"_links":{"self":[{"href":"https:\/\/www.chcemzamestnanie.sk\/index.php?rest_route=\/wp\/v2\/posts\/4015","targetHints":{"allow":["GET"]}}],"collection":[{"href":"https:\/\/www.chcemzamestnanie.sk\/index.php?rest_route=\/wp\/v2\/posts"}],"about":[{"href":"https:\/\/www.chcemzamestnanie.sk\/index.php?rest_route=\/wp\/v2\/types\/post"}],"author":[{"embeddable":true,"href":"https:\/\/www.chcemzamestnanie.sk\/index.php?rest_route=\/wp\/v2\/users\/1"}],"replies":[{"embeddable":true,"href":"https:\/\/www.chcemzamestnanie.sk\/index.php?rest_route=%2Fwp%2Fv2%2Fcomments&post=4015"}],"version-history":[{"count":2,"href":"https:\/\/www.chcemzamestnanie.sk\/index.php?rest_route=\/wp\/v2\/posts\/4015\/revisions"}],"predecessor-version":[{"id":4730,"href":"https:\/\/www.chcemzamestnanie.sk\/index.php?rest_route=\/wp\/v2\/posts\/4015\/revisions\/4730"}],"wp:featuredmedia":[{"embeddable":true,"href":"https:\/\/www.chcemzamestnanie.sk\/index.php?rest_route=\/wp\/v2\/media\/4016"}],"wp:attachment":[{"href":"https:\/\/www.chcemzamestnanie.sk\/index.php?rest_route=%2Fwp%2Fv2%2Fmedia&parent=4015"}],"wp:term":[{"taxonomy":"category","embeddable":true,"href":"https:\/\/www.chcemzamestnanie.sk\/index.php?rest_route=%2Fwp%2Fv2%2Fcategories&post=4015"},{"taxonomy":"post_tag","embeddable":true,"href":"https:\/\/www.chcemzamestnanie.sk\/index.php?rest_route=%2Fwp%2Fv2%2Ftags&post=4015"}],"curies":[{"name":"wp","href":"https:\/\/api.w.org\/{rel}","templated":true}]}}