{"id":3977,"date":"2024-04-17T07:08:00","date_gmt":"2024-04-17T05:08:00","guid":{"rendered":"https:\/\/www.chcemzamestnanie.sk\/?p=3977"},"modified":"2024-04-16T22:09:45","modified_gmt":"2024-04-16T20:09:45","slug":"slovensko-planuje-do-roku-2030-ukoncit-bezdomovectvo-ministerstvo-prace-nalieva-do-problemu-desiatky-milionov-eur","status":"publish","type":"post","link":"https:\/\/www.chcemzamestnanie.sk\/?p=3977","title":{"rendered":"Slovensko Pl\u00e1nuje Do Roku 2030 Ukon\u010di\u0165 Bezdomovectvo: Ministerstvo Pr\u00e1ce Nalieva do Probl\u00e9mu Desiatky Mili\u00f3nov Eur"},"content":{"rendered":"\n<p>Slovensk\u00e1 vl\u00e1da sa zaviazala ukon\u010di\u0165 bezdomovectvo na svojom \u00fazem\u00ed do roku 2030. Minister pr\u00e1ce, soci\u00e1lnych vec\u00ed a rodiny SR, Tom\u00e1\u0161, ozn\u00e1mil ambici\u00f3zny pl\u00e1n, ktor\u00fd predpoklad\u00e1 invest\u00edciu 96 mili\u00f3nov eur do rie\u0161en\u00ed, ktor\u00e9 by mali pom\u00f4c\u0165 \u013eu\u010fom bez domova n\u00e1js\u0165 stabiln\u00e9 b\u00fdvanie a integrova\u0165 sa sp\u00e4\u0165 do spolo\u010dnosti. Z tejto sumy, 53 mili\u00f3nov eur bude priamo z rozpo\u010dtu rezortu pr\u00e1ce a \u010fal\u0161\u00edch 42 mili\u00f3nov eur poskytne Ministerstvo invest\u00edci\u00ed, region\u00e1lneho rozvoja a informatiz\u00e1cie SR.<\/p>\n\n\n\n<p>Pl\u00e1n zah\u0155\u0148a zlep\u0161enie pr\u00edstupu k soci\u00e1lnej a zdravotnej starostlivosti, podporu zamestn\u00e1vania a zv\u00fd\u0161enie dostupnosti cenovo dostupn\u00e9ho b\u00fdvania pre \u013eud\u00ed v n\u00fadzi. Taktie\u017e sa pl\u00e1nuj\u00fa ter\u00e9nne programy na vyh\u013ead\u00e1vanie os\u00f4b ohrozen\u00fdch stratou b\u00fdvania a poskytnutie bezplatn\u00e9ho dlhov\u00e9ho, rodinn\u00e9ho a pr\u00e1vneho poradenstva.<\/p>\n\n\n\n<p>Ministerstvo zd\u00f4raz\u0148uje, \u017ee doteraj\u0161ie opatrenia neboli dostato\u010dne zameran\u00e9 a prepojen\u00e9 na rie\u0161enie probl\u00e9mov \u013eud\u00ed bez domova, \u010do \u010dasto viedlo sk\u00f4r k udr\u017eiavaniu ako k ukon\u010deniu bezdomovectva. Nov\u00fd ak\u010dn\u00fd pl\u00e1n sa sna\u017e\u00ed t\u00fato situ\u00e1ciu zmeni\u0165 a poskytn\u00fa\u0165 udr\u017eate\u013en\u00e9 rie\u0161enia pre t\u00fato zranite\u013en\u00fa skupinu obyvate\u013estva.<\/p>\n","protected":false},"excerpt":{"rendered":"<p>Slovensk\u00e1 vl\u00e1da sa zaviazala ukon\u010di\u0165 bezdomovectvo na svojom \u00fazem\u00ed do roku 2030. Minister pr\u00e1ce, soci\u00e1lnych vec\u00ed a rodiny SR, Tom\u00e1\u0161, ozn\u00e1mil ambici\u00f3zny pl\u00e1n, ktor\u00fd predpoklad\u00e1 &hellip; <\/p>\n","protected":false},"author":1,"featured_media":3978,"comment_status":"closed","ping_status":"open","sticky":false,"template":"","format":"standard","meta":{"om_disable_all_campaigns":false,"_monsterinsights_skip_tracking":false,"_monsterinsights_sitenote_active":false,"_monsterinsights_sitenote_note":"","_monsterinsights_sitenote_category":0,"footnotes":""},"categories":[260],"tags":[],"class_list":["post-3977","post","type-post","status-publish","format-standard","has-post-thumbnail","hentry","category-spravy"],"_links":{"self":[{"href":"https:\/\/www.chcemzamestnanie.sk\/index.php?rest_route=\/wp\/v2\/posts\/3977","targetHints":{"allow":["GET"]}}],"collection":[{"href":"https:\/\/www.chcemzamestnanie.sk\/index.php?rest_route=\/wp\/v2\/posts"}],"about":[{"href":"https:\/\/www.chcemzamestnanie.sk\/index.php?rest_route=\/wp\/v2\/types\/post"}],"author":[{"embeddable":true,"href":"https:\/\/www.chcemzamestnanie.sk\/index.php?rest_route=\/wp\/v2\/users\/1"}],"replies":[{"embeddable":true,"href":"https:\/\/www.chcemzamestnanie.sk\/index.php?rest_route=%2Fwp%2Fv2%2Fcomments&post=3977"}],"version-history":[{"count":1,"href":"https:\/\/www.chcemzamestnanie.sk\/index.php?rest_route=\/wp\/v2\/posts\/3977\/revisions"}],"predecessor-version":[{"id":3979,"href":"https:\/\/www.chcemzamestnanie.sk\/index.php?rest_route=\/wp\/v2\/posts\/3977\/revisions\/3979"}],"wp:featuredmedia":[{"embeddable":true,"href":"https:\/\/www.chcemzamestnanie.sk\/index.php?rest_route=\/wp\/v2\/media\/3978"}],"wp:attachment":[{"href":"https:\/\/www.chcemzamestnanie.sk\/index.php?rest_route=%2Fwp%2Fv2%2Fmedia&parent=3977"}],"wp:term":[{"taxonomy":"category","embeddable":true,"href":"https:\/\/www.chcemzamestnanie.sk\/index.php?rest_route=%2Fwp%2Fv2%2Fcategories&post=3977"},{"taxonomy":"post_tag","embeddable":true,"href":"https:\/\/www.chcemzamestnanie.sk\/index.php?rest_route=%2Fwp%2Fv2%2Ftags&post=3977"}],"curies":[{"name":"wp","href":"https:\/\/api.w.org\/{rel}","templated":true}]}}