{"id":3962,"date":"2024-04-16T21:53:55","date_gmt":"2024-04-16T19:53:55","guid":{"rendered":"https:\/\/www.chcemzamestnanie.sk\/?p=3962"},"modified":"2024-04-16T21:53:56","modified_gmt":"2024-04-16T19:53:56","slug":"radikalny-rez-vo-vydavkoch-tisice-zamestnancov-statu-mozno-pridu-o-pracu","status":"publish","type":"post","link":"https:\/\/www.chcemzamestnanie.sk\/?p=3962","title":{"rendered":"Radik\u00e1lny Rez vo V\u00fddavkoch: Tis\u00edce Zamestnancov \u0160t\u00e1tu Mo\u017eno Pr\u00eddu o Pr\u00e1cu"},"content":{"rendered":"\n<p>V r\u00e1mci pripravovan\u00fdch \u00fasporn\u00fdch opatren\u00ed, ktor\u00e9 premi\u00e9r Robert Fico (Smer) zahrnul do pl\u00e1nu na bud\u00faci rok, sa mo\u017eno tis\u00edce zamestnancov \u0161t\u00e1tu ocitn\u00fa bez pr\u00e1ce. Pl\u00e1novan\u00e9 prep\u00fa\u0161\u0165anie zahrnie zamestnancov ministerstiev a \u00fastredn\u00fdch org\u00e1nov \u0161t\u00e1tnej spr\u00e1vy, kde sa uva\u017euje o \u201e30-percentnom reze\u201c. Tieto kroky by mohli \u0161t\u00e1tnemu rozpo\u010dtu u\u0161etri\u0165 st\u00e1mili\u00f3ny eur.<\/p>\n\n\n\n<p>Premi\u00e9r uviedol, \u017ee tak\u00e9to radik\u00e1lne \u0161krtanie by mohlo dokonca zlep\u0161i\u0165 v\u00fdkon samotn\u00fdch \u00faradov, hoci konkr\u00e9tne detaily t\u00fdchto opatren\u00ed zost\u00e1vaj\u00fa zatia\u013e nejasn\u00e9. Slovensko \u010dak\u00e1 v roku 2025 konsolid\u00e1cia \u0161t\u00e1tneho rozpo\u010dtu na \u00farovni jedn\u00e9ho percenta HDP, \u010do predstavuje zhruba 1,4 miliardy eur. Minister financi\u00ed Ladislav Kamenick\u00fd zatia\u013e spom\u00ednal aj nov\u00e9 dane, ktor\u00e9 by mali do \u0161t\u00e1tnej kasy pritiahnu\u0165 \u010fal\u0161ie mili\u00f3ny eur, no najv\u00e4\u010d\u0161iu \u010das\u0165 \u00faspor by mohlo prinies\u0165 pr\u00e1ve zn\u00ed\u017eenie v\u00fddavkov na mzdy \u0161t\u00e1tnych zamestnancov.<\/p>\n\n\n\n<p>Predseda vl\u00e1dy otvorene priznal, \u017ee tieto \u00faspory s\u00fa pod\u013ea jeho n\u00e1zoru nevyhnutn\u00e9 a dokonca m\u00f4\u017eu vies\u0165 k lep\u0161ej efektivite \u00faradov. Av\u0161ak t\u00e1to iniciat\u00edva e\u0161te nem\u00e1 jednozna\u010dn\u00fa podporu celej vl\u00e1dnej koal\u00edcie, a fin\u00e1lne rozhodnutie tak st\u00e1le vis\u00ed na vl\u00e1sku.<\/p>\n","protected":false},"excerpt":{"rendered":"<p>V r\u00e1mci pripravovan\u00fdch \u00fasporn\u00fdch opatren\u00ed, ktor\u00e9 premi\u00e9r Robert Fico (Smer) zahrnul do pl\u00e1nu na bud\u00faci rok, sa mo\u017eno tis\u00edce zamestnancov \u0161t\u00e1tu ocitn\u00fa bez pr\u00e1ce. Pl\u00e1novan\u00e9 &hellip; <\/p>\n","protected":false},"author":1,"featured_media":3963,"comment_status":"closed","ping_status":"open","sticky":false,"template":"","format":"standard","meta":{"om_disable_all_campaigns":false,"_monsterinsights_skip_tracking":false,"_monsterinsights_sitenote_active":false,"_monsterinsights_sitenote_note":"","_monsterinsights_sitenote_category":0,"footnotes":""},"categories":[260],"tags":[],"class_list":["post-3962","post","type-post","status-publish","format-standard","has-post-thumbnail","hentry","category-spravy"],"_links":{"self":[{"href":"https:\/\/www.chcemzamestnanie.sk\/index.php?rest_route=\/wp\/v2\/posts\/3962","targetHints":{"allow":["GET"]}}],"collection":[{"href":"https:\/\/www.chcemzamestnanie.sk\/index.php?rest_route=\/wp\/v2\/posts"}],"about":[{"href":"https:\/\/www.chcemzamestnanie.sk\/index.php?rest_route=\/wp\/v2\/types\/post"}],"author":[{"embeddable":true,"href":"https:\/\/www.chcemzamestnanie.sk\/index.php?rest_route=\/wp\/v2\/users\/1"}],"replies":[{"embeddable":true,"href":"https:\/\/www.chcemzamestnanie.sk\/index.php?rest_route=%2Fwp%2Fv2%2Fcomments&post=3962"}],"version-history":[{"count":1,"href":"https:\/\/www.chcemzamestnanie.sk\/index.php?rest_route=\/wp\/v2\/posts\/3962\/revisions"}],"predecessor-version":[{"id":3964,"href":"https:\/\/www.chcemzamestnanie.sk\/index.php?rest_route=\/wp\/v2\/posts\/3962\/revisions\/3964"}],"wp:featuredmedia":[{"embeddable":true,"href":"https:\/\/www.chcemzamestnanie.sk\/index.php?rest_route=\/wp\/v2\/media\/3963"}],"wp:attachment":[{"href":"https:\/\/www.chcemzamestnanie.sk\/index.php?rest_route=%2Fwp%2Fv2%2Fmedia&parent=3962"}],"wp:term":[{"taxonomy":"category","embeddable":true,"href":"https:\/\/www.chcemzamestnanie.sk\/index.php?rest_route=%2Fwp%2Fv2%2Fcategories&post=3962"},{"taxonomy":"post_tag","embeddable":true,"href":"https:\/\/www.chcemzamestnanie.sk\/index.php?rest_route=%2Fwp%2Fv2%2Ftags&post=3962"}],"curies":[{"name":"wp","href":"https:\/\/api.w.org\/{rel}","templated":true}]}}