{"id":3513,"date":"2024-03-07T23:03:13","date_gmt":"2024-03-07T22:03:13","guid":{"rendered":"https:\/\/www.chcemzamestnanie.sk\/?p=3513"},"modified":"2024-03-07T23:03:13","modified_gmt":"2024-03-07T22:03:13","slug":"mzdova-hanba-slovensko-zaostava-poliaci-a-madari-nas-predbehli-co-teraz","status":"publish","type":"post","link":"https:\/\/www.chcemzamestnanie.sk\/?p=3513","title":{"rendered":"Mzdov\u00e1 hanba! Slovensko zaost\u00e1va: Poliaci a Ma\u010fari n\u00e1s predbehli, \u010do teraz?"},"content":{"rendered":"\n<p>Na Slovensku, hoci mzdy rast\u00fa, nie sme v porovnan\u00ed s na\u0161imi susedmi na ru\u017eiach. Najnov\u0161ie \u00fadaje nazna\u010duj\u00fa, \u017ee v r\u00e1mci V4 kraj\u00edn sa Slovensko umiestnilo na poslednom mieste, \u010do sa t\u00fdka v\u00fd\u0161ky priemern\u00fdch miezd. V roku 2023 dosiahla priemern\u00e1 nomin\u00e1lna mesa\u010dn\u00e1 mzda na Slovensku 1430 eur, \u010do predstavuje medziro\u010dn\u00fd n\u00e1rast o 9,7 percenta. Av\u0161ak, napriek tomuto zr\u00fdchleniu rastu oproti roku 2022, Slovensko st\u00e1le zaost\u00e1va za svojimi susedmi.<\/p>\n\n\n\n<p>Zatia\u013e \u010do Slovensko bojuje s rastom miezd, ktor\u00fd v re\u00e1lnych \u010d\u00edslach zost\u00e1va za o\u010dak\u00e1vaniami, \u010cesk\u00e1 republika si udr\u017euje svoje dlhodob\u00e9 ved\u00face postavenie s vy\u0161\u0161\u00edmi priemern\u00fdmi mzdami. Zlomov\u00fdm bodom pre slovensk\u00fa ekonomiku v\u0161ak je, \u017ee Po\u013esko a dokonca aj Ma\u010farsko, ktor\u00e9 v minulosti zaost\u00e1valo, n\u00e1s predbehli. Tento trend je zvl\u00e1\u0161\u0165 znepokojiv\u00fd vzh\u013eadom na fakt, \u017ee Slovensko sa v minulosti spoliehalo na svoju kvalifikovan\u00fa, av\u0161ak relat\u00edvne lacn\u00fa pracovn\u00fa silu, v\u00fdhodn\u00fa polohu a \u010dlenstvo v E\u00da a euroz\u00f3ne.<\/p>\n\n\n\n<p>Analytici upozor\u0148uj\u00fa, \u017ee rast miezd na Slovensku bol v\u00fdrazne ovplyvnen\u00fd z\u00e1sahmi \u0161t\u00e1tu, najm\u00e4 zv\u00fd\u0161en\u00edm platov vo verejnej sf\u00e9re. Napriek tomu sa v prvom polroku 2023 zaznamenal pokles re\u00e1lnych miezd oproti infl\u00e1cii, \u010do nazna\u010duje, \u017ee rast nomin\u00e1lnych miezd nesta\u010dil na prekonanie rast\u00facich \u017eivotn\u00fdch n\u00e1kladov. Situ\u00e1cia sa v\u0161ak v druhom polroku zlep\u0161ila a o\u010dak\u00e1va sa, \u017ee pozit\u00edvny trend v re\u00e1lnom raste miezd bude pokra\u010dova\u0165 aj do roku 2024.<\/p>\n\n\n\n<p>Tento stav odha\u013euje z\u00e1kladn\u00e9 slabiny slovenskej ekonomiky a nazna\u010duje potrebu h\u013eada\u0165 nov\u00e9 strat\u00e9gie na zlep\u0161enie konkurencieschopnosti a zv\u00fd\u0161enie pr\u00edjmov obyvate\u013estva.<\/p>\n","protected":false},"excerpt":{"rendered":"<p>Na Slovensku, hoci mzdy rast\u00fa, nie sme v porovnan\u00ed s na\u0161imi susedmi na ru\u017eiach. Najnov\u0161ie \u00fadaje nazna\u010duj\u00fa, \u017ee v r\u00e1mci V4 kraj\u00edn sa Slovensko umiestnilo &hellip; <\/p>\n","protected":false},"author":1,"featured_media":3514,"comment_status":"closed","ping_status":"open","sticky":false,"template":"","format":"standard","meta":{"om_disable_all_campaigns":false,"_monsterinsights_skip_tracking":false,"_monsterinsights_sitenote_active":false,"_monsterinsights_sitenote_note":"","_monsterinsights_sitenote_category":0,"footnotes":""},"categories":[260],"tags":[],"class_list":["post-3513","post","type-post","status-publish","format-standard","has-post-thumbnail","hentry","category-spravy"],"_links":{"self":[{"href":"https:\/\/www.chcemzamestnanie.sk\/index.php?rest_route=\/wp\/v2\/posts\/3513","targetHints":{"allow":["GET"]}}],"collection":[{"href":"https:\/\/www.chcemzamestnanie.sk\/index.php?rest_route=\/wp\/v2\/posts"}],"about":[{"href":"https:\/\/www.chcemzamestnanie.sk\/index.php?rest_route=\/wp\/v2\/types\/post"}],"author":[{"embeddable":true,"href":"https:\/\/www.chcemzamestnanie.sk\/index.php?rest_route=\/wp\/v2\/users\/1"}],"replies":[{"embeddable":true,"href":"https:\/\/www.chcemzamestnanie.sk\/index.php?rest_route=%2Fwp%2Fv2%2Fcomments&post=3513"}],"version-history":[{"count":1,"href":"https:\/\/www.chcemzamestnanie.sk\/index.php?rest_route=\/wp\/v2\/posts\/3513\/revisions"}],"predecessor-version":[{"id":3515,"href":"https:\/\/www.chcemzamestnanie.sk\/index.php?rest_route=\/wp\/v2\/posts\/3513\/revisions\/3515"}],"wp:featuredmedia":[{"embeddable":true,"href":"https:\/\/www.chcemzamestnanie.sk\/index.php?rest_route=\/wp\/v2\/media\/3514"}],"wp:attachment":[{"href":"https:\/\/www.chcemzamestnanie.sk\/index.php?rest_route=%2Fwp%2Fv2%2Fmedia&parent=3513"}],"wp:term":[{"taxonomy":"category","embeddable":true,"href":"https:\/\/www.chcemzamestnanie.sk\/index.php?rest_route=%2Fwp%2Fv2%2Fcategories&post=3513"},{"taxonomy":"post_tag","embeddable":true,"href":"https:\/\/www.chcemzamestnanie.sk\/index.php?rest_route=%2Fwp%2Fv2%2Ftags&post=3513"}],"curies":[{"name":"wp","href":"https:\/\/api.w.org\/{rel}","templated":true}]}}