{"id":3397,"date":"2024-03-03T19:31:07","date_gmt":"2024-03-03T18:31:07","guid":{"rendered":"https:\/\/www.chcemzamestnanie.sk\/?p=3397"},"modified":"2024-03-03T19:31:07","modified_gmt":"2024-03-03T18:31:07","slug":"uder-pre-hnustu-juhokorejsky-gigant-odchadza-a-zanechava-stovky-ludi-bez-prace","status":"publish","type":"post","link":"https:\/\/www.chcemzamestnanie.sk\/?p=3397","title":{"rendered":"\u00dader pre Hn\u00fa\u0161\u0165u: Juhok\u00f3rejsk\u00fd gigant odch\u00e1dza a zanech\u00e1va stovky \u013eud\u00ed bez pr\u00e1ce"},"content":{"rendered":"\n<p>Po 16 rokoch p\u00f4sobenia v Hn\u00fa\u0161ti, meste\u010dku v srdci jednej z najchudobnej\u0161\u00edch oblast\u00ed Slovenska, juhok\u00f3rejsk\u00e1 spolo\u010dnos\u0165 Yura Eltec ozn\u00e1mila svoj odchod a hromadn\u00e9 prep\u00fa\u0161\u0165anie, \u010d\u00edm zasadila devastuj\u00faci \u00fader miestnej komunite. Spolo\u010dnos\u0165, ktor\u00e1 bola pilierom zamestnanosti v regi\u00f3ne s ne\u00faprosnou mierou nezamestnanosti dosahuj\u00facou 15 percent, zamestn\u00e1vala viac ako 500 \u013eud\u00ed. Z t\u00fdchto, tragicky, 320 pr\u00edde o pr\u00e1cu v d\u00f4sledku tejto rozhodnutie.<\/p>\n\n\n\n<p>Zatia\u013e \u010do Hn\u00fa\u0161\u0165a z\u00e1pas\u00ed s etiketou &#8222;hladovej doliny&#8220;, rozhodnutie spolo\u010dnosti Yura Eltec od\u00eds\u0165 len prehlbuje existuj\u00face soci\u00e1lno-ekonomick\u00e9 probl\u00e9my. Pren\u00e1jom priestorov, ktor\u00fd kon\u010d\u00ed v marci, a vyhl\u00e1senie o vysok\u00fdch prev\u00e1dzkov\u00fdch n\u00e1kladoch od spolo\u010dnosti neprin\u00e1\u0161aj\u00fa \u017eiadnu \u00fatechu t\u00fdm, ktor\u00ed sa ocitli v neistote.<\/p>\n\n\n\n<p>Slovensk\u00e1 vl\u00e1da a miestni \u010dinitelia sa sna\u017eia zmierni\u0165 situ\u00e1ciu t\u00fdm, \u017ee akt\u00edvne h\u013eadaj\u00fa nov\u00fdch investorov pre regi\u00f3n. Napriek t\u00fdmto snah\u00e1m v\u0161ak ozn\u00e1menie spolo\u010dnosti pri\u0161lo ako chladn\u00e1 sprcha, zanech\u00e1vaj\u00fac mesto a jeho obyvate\u013eov v \u0161oku a neistote. S bl\u00ed\u017eiacim sa posledn\u00fdm d\u0148om v\u00fdroby, stanoven\u00fdm na 29. febru\u00e1r 2024, sa komunita zmieta v ot\u00e1zkach o svojej bud\u00facnosti.<\/p>\n\n\n\n<p>Tento pr\u00edbeh nie je len o odchode zahrani\u010dn\u00e9ho investora, ale aj o zlyhan\u00ed v predv\u00eddavosti a podpore regi\u00f3nov, ktor\u00e9 s\u00fa najviac zranite\u013en\u00e9. Zatia\u013e \u010do ministerka hospod\u00e1rstva Denisa Sakov\u00e1 a miestni \u010dinitelia sa sna\u017eia zachova\u0165 optimizmus, realita pre mnoh\u00fdch obyvate\u013eov Hn\u00fa\u0161te zost\u00e1va sumbr\u00e1.<\/p>\n","protected":false},"excerpt":{"rendered":"<p>Po 16 rokoch p\u00f4sobenia v Hn\u00fa\u0161ti, meste\u010dku v srdci jednej z najchudobnej\u0161\u00edch oblast\u00ed Slovenska, juhok\u00f3rejsk\u00e1 spolo\u010dnos\u0165 Yura Eltec ozn\u00e1mila svoj odchod a hromadn\u00e9 prep\u00fa\u0161\u0165anie, \u010d\u00edm &hellip; <\/p>\n","protected":false},"author":1,"featured_media":3398,"comment_status":"closed","ping_status":"open","sticky":false,"template":"","format":"standard","meta":{"om_disable_all_campaigns":false,"_monsterinsights_skip_tracking":false,"_monsterinsights_sitenote_active":false,"_monsterinsights_sitenote_note":"","_monsterinsights_sitenote_category":0,"footnotes":""},"categories":[260],"tags":[],"class_list":["post-3397","post","type-post","status-publish","format-standard","has-post-thumbnail","hentry","category-spravy"],"_links":{"self":[{"href":"https:\/\/www.chcemzamestnanie.sk\/index.php?rest_route=\/wp\/v2\/posts\/3397","targetHints":{"allow":["GET"]}}],"collection":[{"href":"https:\/\/www.chcemzamestnanie.sk\/index.php?rest_route=\/wp\/v2\/posts"}],"about":[{"href":"https:\/\/www.chcemzamestnanie.sk\/index.php?rest_route=\/wp\/v2\/types\/post"}],"author":[{"embeddable":true,"href":"https:\/\/www.chcemzamestnanie.sk\/index.php?rest_route=\/wp\/v2\/users\/1"}],"replies":[{"embeddable":true,"href":"https:\/\/www.chcemzamestnanie.sk\/index.php?rest_route=%2Fwp%2Fv2%2Fcomments&post=3397"}],"version-history":[{"count":1,"href":"https:\/\/www.chcemzamestnanie.sk\/index.php?rest_route=\/wp\/v2\/posts\/3397\/revisions"}],"predecessor-version":[{"id":3399,"href":"https:\/\/www.chcemzamestnanie.sk\/index.php?rest_route=\/wp\/v2\/posts\/3397\/revisions\/3399"}],"wp:featuredmedia":[{"embeddable":true,"href":"https:\/\/www.chcemzamestnanie.sk\/index.php?rest_route=\/wp\/v2\/media\/3398"}],"wp:attachment":[{"href":"https:\/\/www.chcemzamestnanie.sk\/index.php?rest_route=%2Fwp%2Fv2%2Fmedia&parent=3397"}],"wp:term":[{"taxonomy":"category","embeddable":true,"href":"https:\/\/www.chcemzamestnanie.sk\/index.php?rest_route=%2Fwp%2Fv2%2Fcategories&post=3397"},{"taxonomy":"post_tag","embeddable":true,"href":"https:\/\/www.chcemzamestnanie.sk\/index.php?rest_route=%2Fwp%2Fv2%2Ftags&post=3397"}],"curies":[{"name":"wp","href":"https:\/\/api.w.org\/{rel}","templated":true}]}}