{"id":3244,"date":"2024-02-27T20:07:26","date_gmt":"2024-02-27T19:07:26","guid":{"rendered":"https:\/\/www.chcemzamestnanie.sk\/?p=3244"},"modified":"2024-02-27T20:07:27","modified_gmt":"2024-02-27T19:07:27","slug":"nova-kalkulacka-rrz-odhadne-vas-dochodkovy-vek-aj-pravdepodobnost-jeho-dozitia-sa","status":"publish","type":"post","link":"https:\/\/www.chcemzamestnanie.sk\/?p=3244","title":{"rendered":"Nov\u00e1 kalkula\u010dka RRZ odhadne v\u00e1\u0161 d\u00f4chodkov\u00fd vek, aj pravdepodobnos\u0165 jeho do\u017eitia sa"},"content":{"rendered":"\n<p>Viete, kedy budete odch\u00e1dza\u0165 do d\u00f4chodku?\u00a0Rada pre rozpo\u010dtov\u00fa zodpovednos\u0165\u00a0vytvorila nov\u00fa d\u00f4chodkov\u00fa kalkula\u010dku, v ktorej sa dozviete odhad v\u00e1\u0161ho d\u00f4chodkov\u00e9ho veku na z\u00e1klade bud\u00faceho v\u00fdvoja d\u013a\u017eky \u017eivota, za predpokladu zachovania s\u00fa\u010dasnej legislat\u00edvy.<\/p>\n\n\n\n<h2 class=\"wp-block-heading\">D\u00f4chodkov\u00fd vek<\/h2>\n\n\n\n<p>Urob\u00ed tie\u017e odhad v\u00fdvoja pravdepodobnosti do\u017eitia sa d\u00f4chodkov\u00e9ho veku na z\u00e1klade roku narodenia a pohlavia. Pod\u013ea t\u00fdchto ist\u00fdch krit\u00e9ri\u00ed odhadne v\u00fdvoj priemern\u00e9ho po\u010dtu rokov \u017eivota na d\u00f4chodku. Sta\u010d\u00ed nav\u0161t\u00edvi\u0165\u00a0webov\u00fa str\u00e1nku.<\/p>\n\n\n\n<p>Jednou zo z\u00e1kladn\u00fdch podmienok pre vznik n\u00e1roku na starobn\u00fd d\u00f4chodok je dov\u0155\u0161enie d\u00f4chodkov\u00e9ho veku. Pod\u013ea s\u00fa\u010dasnej legislat\u00edvy bude d\u00f4chodkov\u00fd vek \u013eud\u00ed naroden\u00fdch v roku 1967 a nesk\u00f4r stanoven\u00fd v nadv\u00e4znosti na v\u00fdvoj strednej d\u013a\u017eky \u017eivota v starobe.<\/p>\n\n\n\n<h2 class=\"wp-block-heading\">V\u00fdpo\u010dty s\u00fa informat\u00edvne<\/h2>\n\n\n\n<p>\u201e<em>Ur\u010di\u0165 presn\u00fd v\u00fdvoj strednej d\u013a\u017eky \u017eivota na desa\u0165ro\u010dia dopredu nie je mo\u017en\u00e9, na\u0161a kalkula\u010dka preto po\u010d\u00edta s aktu\u00e1lnymi o\u010dak\u00e1vaniami demografov. Z\u00e1rove\u0148 v\u0161ak vy\u010d\u00eds\u013euje d\u00f4chodkov\u00fd vek aj v menej pravdepodobn\u00fdch scen\u00e1roch v\u00fdvoja strednej d\u013a\u017eky \u017eivota<\/em>,\u201c vysvet\u013euje Rada pre rozpo\u010dtov\u00fa zodpovednos\u0165.<\/p>\n\n\n\n<p>Ako v\u0161ak Rada pre rozpo\u010dtov\u00fa zodpovednos\u0165 upozor\u0148uje, v\u00fdpo\u010dty s\u00fa informat\u00edvne. \u201e<em>Presn\u00fd d\u00f4chodkov\u00fd vek bude ur\u010den\u00fd v\u202fbud\u00facnosti na z\u00e1klade \u00fadajov zverejnen\u00fdch \u0160tatistick\u00fdm \u00faradom SR<\/em>,\u201c dod\u00e1va rozpo\u010dtov\u00e1 rada.<\/p>\n","protected":false},"excerpt":{"rendered":"<p>Viete, kedy budete odch\u00e1dza\u0165 do d\u00f4chodku?\u00a0Rada pre rozpo\u010dtov\u00fa zodpovednos\u0165\u00a0vytvorila nov\u00fa d\u00f4chodkov\u00fa kalkula\u010dku, v ktorej sa dozviete odhad v\u00e1\u0161ho d\u00f4chodkov\u00e9ho veku na z\u00e1klade bud\u00faceho v\u00fdvoja d\u013a\u017eky &hellip; <\/p>\n","protected":false},"author":1,"featured_media":3245,"comment_status":"closed","ping_status":"open","sticky":false,"template":"","format":"standard","meta":{"om_disable_all_campaigns":false,"_monsterinsights_skip_tracking":false,"_monsterinsights_sitenote_active":false,"_monsterinsights_sitenote_note":"","_monsterinsights_sitenote_category":0,"footnotes":""},"categories":[260],"tags":[],"class_list":["post-3244","post","type-post","status-publish","format-standard","has-post-thumbnail","hentry","category-spravy"],"_links":{"self":[{"href":"https:\/\/www.chcemzamestnanie.sk\/index.php?rest_route=\/wp\/v2\/posts\/3244","targetHints":{"allow":["GET"]}}],"collection":[{"href":"https:\/\/www.chcemzamestnanie.sk\/index.php?rest_route=\/wp\/v2\/posts"}],"about":[{"href":"https:\/\/www.chcemzamestnanie.sk\/index.php?rest_route=\/wp\/v2\/types\/post"}],"author":[{"embeddable":true,"href":"https:\/\/www.chcemzamestnanie.sk\/index.php?rest_route=\/wp\/v2\/users\/1"}],"replies":[{"embeddable":true,"href":"https:\/\/www.chcemzamestnanie.sk\/index.php?rest_route=%2Fwp%2Fv2%2Fcomments&post=3244"}],"version-history":[{"count":1,"href":"https:\/\/www.chcemzamestnanie.sk\/index.php?rest_route=\/wp\/v2\/posts\/3244\/revisions"}],"predecessor-version":[{"id":3246,"href":"https:\/\/www.chcemzamestnanie.sk\/index.php?rest_route=\/wp\/v2\/posts\/3244\/revisions\/3246"}],"wp:featuredmedia":[{"embeddable":true,"href":"https:\/\/www.chcemzamestnanie.sk\/index.php?rest_route=\/wp\/v2\/media\/3245"}],"wp:attachment":[{"href":"https:\/\/www.chcemzamestnanie.sk\/index.php?rest_route=%2Fwp%2Fv2%2Fmedia&parent=3244"}],"wp:term":[{"taxonomy":"category","embeddable":true,"href":"https:\/\/www.chcemzamestnanie.sk\/index.php?rest_route=%2Fwp%2Fv2%2Fcategories&post=3244"},{"taxonomy":"post_tag","embeddable":true,"href":"https:\/\/www.chcemzamestnanie.sk\/index.php?rest_route=%2Fwp%2Fv2%2Ftags&post=3244"}],"curies":[{"name":"wp","href":"https:\/\/api.w.org\/{rel}","templated":true}]}}