{"id":3220,"date":"2024-02-26T21:09:59","date_gmt":"2024-02-26T20:09:59","guid":{"rendered":"https:\/\/www.chcemzamestnanie.sk\/?p=3220"},"modified":"2024-02-26T21:10:00","modified_gmt":"2024-02-26T20:10:00","slug":"slovenska-posta-podporuje-ukrajincov-zamestnanie-humanitarna-pomoc-a-ubytovanie","status":"publish","type":"post","link":"https:\/\/www.chcemzamestnanie.sk\/?p=3220","title":{"rendered":"Slovensk\u00e1 po\u0161ta podporuje Ukrajincov: Zamestnanie, humanit\u00e1rna pomoc a ubytovanie"},"content":{"rendered":"\n<p>V reakcii na vojnov\u00fd konflikt na Ukrajine, ktor\u00fd vypukol pred dvoma rokmi, Slovensk\u00e1 po\u0161ta otvorila svoje br\u00e1ny desiatkam ukrajinsk\u00fdch ob\u010danov h\u013eadaj\u00facich zamestnanie. Od vypuknutia konfliktu a\u017e do za\u010diatku febru\u00e1ra tohto roka prijala spolo\u010dnos\u0165 takmer 50 pracovn\u00edkov z Ukrajiny, pri\u010dom v s\u00fa\u010dasnosti zamestn\u00e1va jeden\u00e1s\u0165 ukrajinsk\u00fdch ob\u010danov.<\/p>\n\n\n\n<p>Slovensk\u00e1 po\u0161ta sa hne\u010f na za\u010diatku ruskej ozbrojenej inv\u00e1zie anga\u017eovala v poskytovan\u00ed humanit\u00e1rnej pomoci, ke\u010f zadarmo prepravovala bal\u00edky s pomocou na Ukrajinu. Celkov\u00e1 hodnota t\u00fdchto slu\u017eieb dosiahla pribli\u017ene dve mili\u00f3ny eur v obdob\u00ed od febru\u00e1ra do augusta 2022.<\/p>\n\n\n\n<p>Ved\u00faci odboru komunik\u00e1cie a marketingu Slovenskej po\u0161ty, Martin Guzi, zd\u00f4raznil, \u017ee spolo\u010dnos\u0165 neust\u00e1le h\u013ead\u00e1 mo\u017enosti, ako pom\u00f4c\u0165 ute\u010dencom z Ukrajiny, \u010di u\u017e ponukou pracovn\u00fdch poz\u00edci\u00ed alebo ubytovania v jej zariadeniach. Slovensk\u00e1 po\u0161ta tie\u017e zabezpe\u010duje doru\u010dovanie ute\u010deneck\u00fdch d\u00e1vok prostredn\u00edctvom svojich pobo\u010diek a zabezpe\u010duje pozemn\u00fa prepravu po\u0161tov\u00fdch z\u00e1sielok medzi Slovenskom a Ukrajinou.<\/p>\n\n\n\n<p>T\u00e1to iniciat\u00edva nielen\u017ee poskytuje konkr\u00e9tnu podporu ukrajinsk\u00fdm ob\u010danom v n\u00fadzi, ale aj zvy\u0161uje povedomie o potrebe solidarity a pomoci v \u010dase kr\u00edzy.<\/p>\n","protected":false},"excerpt":{"rendered":"<p>V reakcii na vojnov\u00fd konflikt na Ukrajine, ktor\u00fd vypukol pred dvoma rokmi, Slovensk\u00e1 po\u0161ta otvorila svoje br\u00e1ny desiatkam ukrajinsk\u00fdch ob\u010danov h\u013eadaj\u00facich zamestnanie. Od vypuknutia konfliktu &hellip; <\/p>\n","protected":false},"author":1,"featured_media":3221,"comment_status":"closed","ping_status":"open","sticky":false,"template":"","format":"standard","meta":{"om_disable_all_campaigns":false,"_monsterinsights_skip_tracking":false,"_monsterinsights_sitenote_active":false,"_monsterinsights_sitenote_note":"","_monsterinsights_sitenote_category":0,"footnotes":""},"categories":[260],"tags":[],"class_list":["post-3220","post","type-post","status-publish","format-standard","has-post-thumbnail","hentry","category-spravy"],"_links":{"self":[{"href":"https:\/\/www.chcemzamestnanie.sk\/index.php?rest_route=\/wp\/v2\/posts\/3220","targetHints":{"allow":["GET"]}}],"collection":[{"href":"https:\/\/www.chcemzamestnanie.sk\/index.php?rest_route=\/wp\/v2\/posts"}],"about":[{"href":"https:\/\/www.chcemzamestnanie.sk\/index.php?rest_route=\/wp\/v2\/types\/post"}],"author":[{"embeddable":true,"href":"https:\/\/www.chcemzamestnanie.sk\/index.php?rest_route=\/wp\/v2\/users\/1"}],"replies":[{"embeddable":true,"href":"https:\/\/www.chcemzamestnanie.sk\/index.php?rest_route=%2Fwp%2Fv2%2Fcomments&post=3220"}],"version-history":[{"count":1,"href":"https:\/\/www.chcemzamestnanie.sk\/index.php?rest_route=\/wp\/v2\/posts\/3220\/revisions"}],"predecessor-version":[{"id":3222,"href":"https:\/\/www.chcemzamestnanie.sk\/index.php?rest_route=\/wp\/v2\/posts\/3220\/revisions\/3222"}],"wp:featuredmedia":[{"embeddable":true,"href":"https:\/\/www.chcemzamestnanie.sk\/index.php?rest_route=\/wp\/v2\/media\/3221"}],"wp:attachment":[{"href":"https:\/\/www.chcemzamestnanie.sk\/index.php?rest_route=%2Fwp%2Fv2%2Fmedia&parent=3220"}],"wp:term":[{"taxonomy":"category","embeddable":true,"href":"https:\/\/www.chcemzamestnanie.sk\/index.php?rest_route=%2Fwp%2Fv2%2Fcategories&post=3220"},{"taxonomy":"post_tag","embeddable":true,"href":"https:\/\/www.chcemzamestnanie.sk\/index.php?rest_route=%2Fwp%2Fv2%2Ftags&post=3220"}],"curies":[{"name":"wp","href":"https:\/\/api.w.org\/{rel}","templated":true}]}}