{"id":3135,"date":"2024-02-22T08:14:09","date_gmt":"2024-02-22T07:14:09","guid":{"rendered":"https:\/\/www.chcemzamestnanie.sk\/?p=3135"},"modified":"2024-02-22T08:14:10","modified_gmt":"2024-02-22T07:14:10","slug":"realita-novych-aktivacnych-prac-je-zarobok-135-e-na-hodinu","status":"publish","type":"post","link":"https:\/\/www.chcemzamestnanie.sk\/?p=3135","title":{"rendered":"Realita nov\u00fdch aktiva\u010dn\u00fdch pr\u00e1c je z\u00e1robok 1,35 \u20ac na hodinu."},"content":{"rendered":"\n<p>Ministerstvo pr\u00e1ce, soci\u00e1lnych vec\u00ed a rodiny Slovenskej republiky ohl\u00e1silo od\u0161tartovanie ambici\u00f3zneho projektu zameran\u00e9ho na aktiv\u00e1ciu dlhodobo nezamestnan\u00fdch ob\u010danov. Od 1. apr\u00edla 2024 sa pribli\u017ene 15 000 \u013eud\u00ed m\u00f4\u017ee zapoji\u0165 do programu, ktor\u00fd kombinuje aktiva\u010dn\u00e9 pr\u00e1ce s finan\u010dn\u00fdm pr\u00edspevkom vo v\u00fd\u0161ke 86,60 eura. Tento krok je reakciou na v\u00fdzvu Zdru\u017eenia miest a obc\u00ed Slovenska a sna\u017e\u00ed sa adresova\u0165 problematiku nezamestnanosti na lok\u00e1lnej \u00farovni.<\/p>\n\n\n\n<p>Projekt, ktor\u00fd bude prebieha\u0165 do konca roka 2024, disponuje rozpo\u010dtom 2,6 mili\u00f3na eur a pon\u00faka dlhodobo nezamestnan\u00fdm mo\u017enos\u0165 prispie\u0165 k \u010dinnostiam mestsk\u00fdch a obecn\u00fdch samospr\u00e1v alebo organiz\u00e1ci\u00ed. \u00da\u010dastn\u00edci programu musia odpracova\u0165 minim\u00e1lne 64 hod\u00edn mesa\u010dne, \u010do im umo\u017en\u00ed z\u00edska\u0165 nielen finan\u010dn\u00fd pr\u00edspevok, ale aj pracovn\u00e9 pom\u00f4cky vo v\u00fd\u0161ke 18,84 eura na mesiac.<\/p>\n\n\n\n<p>Erik Tom\u00e1\u0161, minister pr\u00e1ce, soci\u00e1lnych vec\u00ed a rodiny, zd\u00f4raznil, \u017ee projekt nechce, aby dlhodobo nezamestnan\u00ed len &#8222;sedeli doma&#8220;. Cie\u013eom je zachova\u0165 pracovn\u00e9 n\u00e1vyky u\u010dastn\u00edkov a zlep\u0161i\u0165 ich zru\u010dnosti pre bud\u00face zamestnanie. Z\u00e1rove\u0148 projekt o\u010dak\u00e1va, \u017ee po jeho skon\u010den\u00ed pr\u00edde k noveliz\u00e1cii z\u00e1kona o slu\u017eb\u00e1ch zamestnanosti, \u010do by malo stabilizova\u0165 podmienky pre aktiva\u010dn\u00e9 pr\u00e1ce bez potreby \u010fal\u0161\u00edch projektov.<\/p>\n\n\n\n<p>Projekt v\u0161ak vyvol\u00e1va ot\u00e1zky oh\u013eadom adekv\u00e1tnosti finan\u010dnej odmeny. Pri v\u00fdpo\u010dte 86,60 eura za 64 odpracovan\u00fdch hod\u00edn vych\u00e1dza hodinov\u00e1 sadzba na 1,35 eura, \u010do je podstatne menej ako minim\u00e1lna mzda. Odborn\u00edk Viliam P\u00e1len\u00edk z In\u0161tit\u00fatu zamestnanosti poukazuje na problematick\u00fa strukt\u00faru odme\u0148ovania a upozor\u0148uje na &#8222;divn\u00fd trojuholn\u00edk&#8220; medzi \u00fa\u010dastn\u00edkom projektu, obcou a \u0161t\u00e1tom, kde finan\u010dn\u00e1 motiv\u00e1cia nemus\u00ed by\u0165 dostato\u010dn\u00e1 na podporu skuto\u010dnej aktiviz\u00e1cie na trhu pr\u00e1ce.<\/p>\n\n\n\n<p>Tento projekt predstavuje krok k rie\u0161eniu dlhodobej nezamestnanosti, no z\u00e1rove\u0148 otv\u00e1ra diskusiu o efekt\u00edvnosti a spravodlivosti tak\u00fdchto aktiv\u00e1ci\u00ed v kontexte slovensk\u00e9ho trhu pr\u00e1ce.<\/p>\n","protected":false},"excerpt":{"rendered":"<p>Ministerstvo pr\u00e1ce, soci\u00e1lnych vec\u00ed a rodiny Slovenskej republiky ohl\u00e1silo od\u0161tartovanie ambici\u00f3zneho projektu zameran\u00e9ho na aktiv\u00e1ciu dlhodobo nezamestnan\u00fdch ob\u010danov. Od 1. apr\u00edla 2024 sa pribli\u017ene 15 &hellip; <\/p>\n","protected":false},"author":1,"featured_media":3087,"comment_status":"closed","ping_status":"open","sticky":false,"template":"","format":"standard","meta":{"om_disable_all_campaigns":false,"_monsterinsights_skip_tracking":false,"_monsterinsights_sitenote_active":false,"_monsterinsights_sitenote_note":"","_monsterinsights_sitenote_category":0,"footnotes":""},"categories":[260],"tags":[],"class_list":["post-3135","post","type-post","status-publish","format-standard","has-post-thumbnail","hentry","category-spravy"],"_links":{"self":[{"href":"https:\/\/www.chcemzamestnanie.sk\/index.php?rest_route=\/wp\/v2\/posts\/3135","targetHints":{"allow":["GET"]}}],"collection":[{"href":"https:\/\/www.chcemzamestnanie.sk\/index.php?rest_route=\/wp\/v2\/posts"}],"about":[{"href":"https:\/\/www.chcemzamestnanie.sk\/index.php?rest_route=\/wp\/v2\/types\/post"}],"author":[{"embeddable":true,"href":"https:\/\/www.chcemzamestnanie.sk\/index.php?rest_route=\/wp\/v2\/users\/1"}],"replies":[{"embeddable":true,"href":"https:\/\/www.chcemzamestnanie.sk\/index.php?rest_route=%2Fwp%2Fv2%2Fcomments&post=3135"}],"version-history":[{"count":1,"href":"https:\/\/www.chcemzamestnanie.sk\/index.php?rest_route=\/wp\/v2\/posts\/3135\/revisions"}],"predecessor-version":[{"id":3136,"href":"https:\/\/www.chcemzamestnanie.sk\/index.php?rest_route=\/wp\/v2\/posts\/3135\/revisions\/3136"}],"wp:featuredmedia":[{"embeddable":true,"href":"https:\/\/www.chcemzamestnanie.sk\/index.php?rest_route=\/wp\/v2\/media\/3087"}],"wp:attachment":[{"href":"https:\/\/www.chcemzamestnanie.sk\/index.php?rest_route=%2Fwp%2Fv2%2Fmedia&parent=3135"}],"wp:term":[{"taxonomy":"category","embeddable":true,"href":"https:\/\/www.chcemzamestnanie.sk\/index.php?rest_route=%2Fwp%2Fv2%2Fcategories&post=3135"},{"taxonomy":"post_tag","embeddable":true,"href":"https:\/\/www.chcemzamestnanie.sk\/index.php?rest_route=%2Fwp%2Fv2%2Ftags&post=3135"}],"curies":[{"name":"wp","href":"https:\/\/api.w.org\/{rel}","templated":true}]}}