{"id":3086,"date":"2024-02-19T21:44:08","date_gmt":"2024-02-19T20:44:08","guid":{"rendered":"https:\/\/www.chcemzamestnanie.sk\/?p=3086"},"modified":"2024-02-19T21:44:09","modified_gmt":"2024-02-19T20:44:09","slug":"dlhodobo-nezamestnani-sa-opat-mozu-prihlasovat-do-aktivacnych-prac","status":"publish","type":"post","link":"https:\/\/www.chcemzamestnanie.sk\/?p=3086","title":{"rendered":"Dlhodobo nezamestnan\u00ed sa op\u00e4\u0165 m\u00f4\u017eu prihlasova\u0165 do aktiva\u010dn\u00fdch pr\u00e1c"},"content":{"rendered":"\n<p>&nbsp;Dlhodobo nezamestnan\u00ed, ktor\u00ed z\u00e1rove\u0148 poberaj\u00fa d\u00e1vku v hmotnej n\u00fadzi, sa bud\u00fa m\u00f4c\u0165 od apr\u00edla do konca roka op\u00e4\u0165 zapoji\u0165 do projektu aktiva\u010dn\u00fdch pr\u00e1c. Okolo 50 tis\u00edc dlhodobo nezamestnan\u00fdch sa tak m\u00f4\u017ee obr\u00e1ti\u0165 na mest\u00e1 a obce s t\u00fdm, \u017ee bud\u00fa \u010disti\u0165 verejn\u00e9 priestranstv\u00e1 a robi\u0165 men\u0161ie pomocn\u00e9 pr\u00e1ce ako napr\u00edklad opravu lavi\u010diek.<\/p>\n\n\n\n<p>V\u00fd\u0161ka aktiva\u010dn\u00e9ho pr\u00edspevku je 86,80 eur.\u00a0Rezort pr\u00e1ce\u00a0chce aktivova\u0165 t\u00fdmto projektom zhruba 15 tis\u00edc dlhodobo nezamestnan\u00fdch.<\/p>\n\n\n\n<p><em>\u201eMiera nezamestnanosti osciluje s\u00edce okolo historick\u00fdch min\u00edm, chronick\u00fd probl\u00e9m v\u0161ak m\u00e1me s dlhodobo nezamestnan\u00fdmi \u013eu\u010fmi. Nechceme, aby dlhodobo nezamestnan\u00ed len sedeli doma a ni\u010d nerobili. M\u00f4\u017eu zve\u013ea\u010fova\u0165 svoju obec, \u010di samospr\u00e1vny kraj v ktorom \u017eij\u00fa, uchov\u00e1va\u0165 si z\u00e1rove\u0148 svoje pracovn\u00e9 n\u00e1vyky, zlep\u0161ova\u0165 zru\u010dnosti, aby boli pripraven\u00ed na pracovn\u00fd trh. Hlavn\u00fdm cie\u013eom je, aby ka\u017ed\u00fd \u010dlovek, ktor\u00fd chce pracova\u0165, mohol pracova\u0165,\u201c<\/em>\u00a0uviedol v pondelok minister pr\u00e1ce, soci\u00e1lnych vec\u00ed a rodiny\u00a0Erik Tom\u00e1\u0161.<\/p>\n\n\n\n<h2 class=\"wp-block-heading\">Minim\u00e1lny po\u010det odpracovan\u00fdch hod\u00edn<\/h2>\n\n\n\n<p>Uch\u00e1dza\u010d mus\u00ed v r\u00e1mci aktiva\u010dn\u00fdch pr\u00e1c odpracova\u0165 minim\u00e1lne 64 hod\u00edn mesa\u010dne.<\/p>\n\n\n\n<p><em>\u201ePopri d\u00e1vke v hmotnej n\u00fadzi si m\u00f4\u017ee zarobi\u0165 e\u0161te za aktiva\u010dn\u00e9 pr\u00e1ce. Po novom si v\u0161ak nezamestnan\u00fd mus\u00ed odpracova\u0165 aj pr\u00edspevok v hmotnej n\u00fadzi, pokia\u013e nem\u00e1 v\u00fdnimku,\u201c<\/em>\u00a0dodal \u0161\u00e9f rezortu pr\u00e1ce. Ak sa nezamestnan\u00ed osved\u010dia a mest\u00e1 a obce na to bud\u00fa ma\u0165 zdroje, t\u00edto nezamestnan\u00ed bud\u00fa m\u00f4c\u0165 by\u0165 zamestnan\u00ed na trval\u00fd \u00fav\u00e4zok.<\/p>\n\n\n\n<p><em>\u201eNa\u0161e po\u017eiadavky boli rie\u0161en\u00e9 a vypo\u010dut\u00e9. Vid\u00edme zmysel v aktiva\u010dn\u00fdch pr\u00e1cach, ak chceme dlhodobo nezamestnan\u00fdch nesk\u00f4r dosta\u0165 do pracovn\u00e9ho pomeru,\u201c<\/em>\u00a0uviedol predseda\u00a0Zdru\u017eenia miest a obc\u00ed Slovenska\u00a0Jozef Bo\u017eik. Spolu s \u00faradmi pr\u00e1ce, ktor\u00e9 bud\u00fa \u017eiadosti posudzova\u0165, chc\u00fa uspokoji\u0165 \u010do najvy\u0161\u0161\u00ed po\u010det \u017eiadate\u013eov.<\/p>\n\n\n\n<h2 class=\"wp-block-heading\">Vypl\u00e1canie pr\u00edspevku na uch\u00e1dza\u010da<\/h2>\n\n\n\n<p>Zdru\u017eeniu miest a obc\u00ed Slovenska a organiz\u00e1ci\u00e1m, ktor\u00e9 pod ne spadaj\u00fa, vyplat\u00ed rezort pr\u00e1ce pr\u00edspevok na jedn\u00e9ho uch\u00e1dza\u010da vo v\u00fd\u0161ke 18,84 eur, pri\u010dom pr\u00edspevok sa vyu\u017eije na zaobstaranie pracovn\u00fdch pom\u00f4cok pri aktiva\u010dn\u00fdch pr\u00e1cach. Celkovo ministerstvo pr\u00e1ce vy\u010dlenilo na tento projekt na tento rok 2,6 mil. eur.<\/p>\n\n\n\n<p>Obdobie od apr\u00edla do konca roka chce z\u00e1rove\u0148 rezort pr\u00e1ce vyu\u017ei\u0165 na pr\u00edpravu noveliz\u00e1cie z\u00e1kona o slu\u017eb\u00e1ch v zamestnanosti, v r\u00e1mci ktor\u00e9ho chce nastavi\u0165 presn\u00e9 podmienky aj pre aktiva\u010dn\u00e9 pr\u00e1ce. Do bud\u00facna tak nebude potrebn\u00e9 pripravova\u0165 \u0161peci\u00e1lne projekty.<\/p>\n\n\n\n<p><em>\u201eU\u017e onedlho predstav\u00edme ve\u013ek\u00fd eurofondov\u00fd projekt za 300 mil. eur na podporu nezamestnan\u00fdch, kde finan\u010dn\u00fdmi stimulmi podpor\u00edme zamestnanie znev\u00fdhodnen\u00fdch uch\u00e1dza\u010dov o zamestnanie, to znamen\u00e1 dlhodobo nezamestnan\u00fdch \u013eud\u00ed, hendikepovan\u00fdch alebo n\u00edzkokvalifikovan\u00fdch \u013eud\u00ed,\u201c<\/em>&nbsp;dodal minister.<\/p>\n","protected":false},"excerpt":{"rendered":"<p>&nbsp;Dlhodobo nezamestnan\u00ed, ktor\u00ed z\u00e1rove\u0148 poberaj\u00fa d\u00e1vku v hmotnej n\u00fadzi, sa bud\u00fa m\u00f4c\u0165 od apr\u00edla do konca roka op\u00e4\u0165 zapoji\u0165 do projektu aktiva\u010dn\u00fdch pr\u00e1c. Okolo 50 &hellip; <\/p>\n","protected":false},"author":1,"featured_media":3087,"comment_status":"closed","ping_status":"open","sticky":false,"template":"","format":"standard","meta":{"om_disable_all_campaigns":false,"_monsterinsights_skip_tracking":false,"_monsterinsights_sitenote_active":false,"_monsterinsights_sitenote_note":"","_monsterinsights_sitenote_category":0,"footnotes":""},"categories":[260],"tags":[],"class_list":["post-3086","post","type-post","status-publish","format-standard","has-post-thumbnail","hentry","category-spravy"],"_links":{"self":[{"href":"https:\/\/www.chcemzamestnanie.sk\/index.php?rest_route=\/wp\/v2\/posts\/3086","targetHints":{"allow":["GET"]}}],"collection":[{"href":"https:\/\/www.chcemzamestnanie.sk\/index.php?rest_route=\/wp\/v2\/posts"}],"about":[{"href":"https:\/\/www.chcemzamestnanie.sk\/index.php?rest_route=\/wp\/v2\/types\/post"}],"author":[{"embeddable":true,"href":"https:\/\/www.chcemzamestnanie.sk\/index.php?rest_route=\/wp\/v2\/users\/1"}],"replies":[{"embeddable":true,"href":"https:\/\/www.chcemzamestnanie.sk\/index.php?rest_route=%2Fwp%2Fv2%2Fcomments&post=3086"}],"version-history":[{"count":1,"href":"https:\/\/www.chcemzamestnanie.sk\/index.php?rest_route=\/wp\/v2\/posts\/3086\/revisions"}],"predecessor-version":[{"id":3088,"href":"https:\/\/www.chcemzamestnanie.sk\/index.php?rest_route=\/wp\/v2\/posts\/3086\/revisions\/3088"}],"wp:featuredmedia":[{"embeddable":true,"href":"https:\/\/www.chcemzamestnanie.sk\/index.php?rest_route=\/wp\/v2\/media\/3087"}],"wp:attachment":[{"href":"https:\/\/www.chcemzamestnanie.sk\/index.php?rest_route=%2Fwp%2Fv2%2Fmedia&parent=3086"}],"wp:term":[{"taxonomy":"category","embeddable":true,"href":"https:\/\/www.chcemzamestnanie.sk\/index.php?rest_route=%2Fwp%2Fv2%2Fcategories&post=3086"},{"taxonomy":"post_tag","embeddable":true,"href":"https:\/\/www.chcemzamestnanie.sk\/index.php?rest_route=%2Fwp%2Fv2%2Ftags&post=3086"}],"curies":[{"name":"wp","href":"https:\/\/api.w.org\/{rel}","templated":true}]}}