{"id":2205,"date":"2024-02-07T14:14:06","date_gmt":"2024-02-07T13:14:06","guid":{"rendered":"https:\/\/www.chcemzamestnanie.sk\/?p=2205"},"modified":"2024-02-09T14:15:23","modified_gmt":"2024-02-09T13:15:23","slug":"dramaticky-narast-platov-pre-slovenskych-politikov-fico-sa-tesi-na-takmer-dvojnasobok","status":"publish","type":"post","link":"https:\/\/www.chcemzamestnanie.sk\/?p=2205","title":{"rendered":"Dramatick\u00fd N\u00e1rast Platov Pre Slovensk\u00fdch Politikov: Fico sa Te\u0161\u00ed na Takmer Dvojn\u00e1sobok"},"content":{"rendered":"\n<p>V s\u00fa\u010dasnom politickom prostred\u00ed na Slovensku rezonuje kontroverzn\u00e1 t\u00e9ma, ktor\u00e1 sa t\u00fdka v\u00fdrazn\u00e9ho zv\u00fd\u0161enia platov poslancov a \u010dlenov vl\u00e1dy. V centri pozornosti stoj\u00ed najm\u00e4 premi\u00e9r Robert Fico, ktor\u00e9ho platov\u00e9 ohodnotenie sa m\u00e1 zv\u00fd\u0161i\u0165 takmer o 100 percent. Tento n\u00e1vrh, predstaven\u00fd a schv\u00e1len\u00fd vl\u00e1dou, odha\u013euje zna\u010dn\u00e9 zmeny v odme\u0148ovan\u00ed najvy\u0161\u0161\u00edch \u00fastavn\u00fdch \u010dinite\u013eov, \u010d\u00edm vyvol\u00e1va \u017eiv\u00e9 diskusie nielen medzi politikmi, ale aj v \u0161irokej verejnosti.<\/p>\n\n\n\n<p><strong>Z\u00e1znamn\u00fd N\u00e1rast v Platovom Ohodnoten\u00ed<\/strong><\/p>\n\n\n\n<p>Na tla\u010dovej konferencii v N\u00e1rodnej rade SR, Igor Matovi\u010d, l\u00edder hnutia Slovensko, odhalil, \u017ee plat premi\u00e9ra Fica zaznamen\u00e1 n\u00e1rast o 96 %, \u010do znamen\u00e1 zv\u00fd\u0161enie zo s\u00fa\u010dasn\u00fdch 4 895 eur na impozantn\u00fdch 9 572 eur. Podobne, aj \u010fal\u0161\u00ed \u010dlenovia vl\u00e1dy sa m\u00f4\u017eu te\u0161i\u0165 na zv\u00fd\u0161enie svojich pr\u00edjmov, kde radov\u00fd minister bude ma\u0165 na \u00fa\u010dte 7 261 eur \u010dist\u00e9ho, podpredseda vl\u00e1dy 8 106 eur \u010dist\u00e9ho a predseda vl\u00e1dy teda 9 572 eur \u010dist\u00e9ho.<\/p>\n\n\n\n<p><strong>Kritika a Obhajoba<\/strong><\/p>\n\n\n\n<p>Kritici, vr\u00e1tane Matovi\u010da, poukazuj\u00fa na to, \u017ee tak\u00e9to v\u00fdrazn\u00e9 zv\u00fd\u0161enie platov je v priamom rozpore s predvolebn\u00fdmi s\u013eubmi s\u00fa\u010dasnej vl\u00e1dy a prezentuje premi\u00e9ra v nev\u00fdhodnom svetle, najm\u00e4 v kontexte nesplnen\u00fdch s\u013eubov t\u00fdkaj\u00facich sa zni\u017eovania n\u00e1kladov na \u017eivot. Na druhej strane, vl\u00e1da svoj krok obhajuje, argumentuj\u00fac, \u017ee zmeny v platovom ohodnoten\u00ed reflektuj\u00fa vy\u0161\u0161iu mieru politickej a pr\u00e1vnej zodpovednosti \u010dlenov vl\u00e1dy v porovnan\u00ed s poslancami NR SR a s\u00fa vn\u00edman\u00e9 ako do\u010dasn\u00e9 rie\u0161enie.<\/p>\n\n\n\n<p><strong>Nov\u00e9 Met\u00f3dy Odme\u0148ovania<\/strong><\/p>\n\n\n\n<p>Fico navrhol nov\u00fd sp\u00f4sob ur\u010dovania pau\u0161\u00e1lnych n\u00e1hrad, ktor\u00e9 maj\u00fa by\u0165 nyn\u00ed viazan\u00e9 na priemern\u00fa mzdu v n\u00e1rodnom hospod\u00e1rstve, \u010do predstavuje v\u00fdznamn\u00fd odklon od doteraj\u0161ej praxe pevn\u00fdch sum. Toto opatrenie m\u00e1 za cie\u013e prinies\u0165 transparentnej\u0161\u00ed a spravodlivej\u0161\u00ed syst\u00e9m odme\u0148ovania, av\u0161ak vyvol\u00e1va ot\u00e1zky o jeho dlhodobej udr\u017eate\u013enosti a mor\u00e1lnosti.<\/p>\n\n\n\n<p><strong>Z\u00e1ver<\/strong><\/p>\n\n\n\n<p>Vl\u00e1dne rozhodnutie o zv\u00fd\u0161en\u00ed platov vyvolalo \u0161irok\u00fa verejn\u00fa diskusiu a pouk\u00e1zalo na potrebu v\u00e4\u010d\u0161ej transparentnosti a zodpovednosti v politickom odme\u0148ovan\u00ed na Slovensku. Ako sa krajina bude vyrovn\u00e1va\u0165 s t\u00fdmito zmenami a ich dopadom na verejn\u00fa d\u00f4veru a politick\u00fa stabilitu, zost\u00e1va otvorenou ot\u00e1zkou.<\/p>\n","protected":false},"excerpt":{"rendered":"<p>V s\u00fa\u010dasnom politickom prostred\u00ed na Slovensku rezonuje kontroverzn\u00e1 t\u00e9ma, ktor\u00e1 sa t\u00fdka v\u00fdrazn\u00e9ho zv\u00fd\u0161enia platov poslancov a \u010dlenov vl\u00e1dy. V centri pozornosti stoj\u00ed najm\u00e4 premi\u00e9r &hellip; <\/p>\n","protected":false},"author":1,"featured_media":2206,"comment_status":"closed","ping_status":"open","sticky":false,"template":"","format":"standard","meta":{"om_disable_all_campaigns":false,"_monsterinsights_skip_tracking":false,"_monsterinsights_sitenote_active":false,"_monsterinsights_sitenote_note":"","_monsterinsights_sitenote_category":0,"footnotes":""},"categories":[260],"tags":[509,510],"class_list":["post-2205","post","type-post","status-publish","format-standard","has-post-thumbnail","hentry","category-spravy","tag-fico","tag-platy"],"_links":{"self":[{"href":"https:\/\/www.chcemzamestnanie.sk\/index.php?rest_route=\/wp\/v2\/posts\/2205","targetHints":{"allow":["GET"]}}],"collection":[{"href":"https:\/\/www.chcemzamestnanie.sk\/index.php?rest_route=\/wp\/v2\/posts"}],"about":[{"href":"https:\/\/www.chcemzamestnanie.sk\/index.php?rest_route=\/wp\/v2\/types\/post"}],"author":[{"embeddable":true,"href":"https:\/\/www.chcemzamestnanie.sk\/index.php?rest_route=\/wp\/v2\/users\/1"}],"replies":[{"embeddable":true,"href":"https:\/\/www.chcemzamestnanie.sk\/index.php?rest_route=%2Fwp%2Fv2%2Fcomments&post=2205"}],"version-history":[{"count":1,"href":"https:\/\/www.chcemzamestnanie.sk\/index.php?rest_route=\/wp\/v2\/posts\/2205\/revisions"}],"predecessor-version":[{"id":2207,"href":"https:\/\/www.chcemzamestnanie.sk\/index.php?rest_route=\/wp\/v2\/posts\/2205\/revisions\/2207"}],"wp:featuredmedia":[{"embeddable":true,"href":"https:\/\/www.chcemzamestnanie.sk\/index.php?rest_route=\/wp\/v2\/media\/2206"}],"wp:attachment":[{"href":"https:\/\/www.chcemzamestnanie.sk\/index.php?rest_route=%2Fwp%2Fv2%2Fmedia&parent=2205"}],"wp:term":[{"taxonomy":"category","embeddable":true,"href":"https:\/\/www.chcemzamestnanie.sk\/index.php?rest_route=%2Fwp%2Fv2%2Fcategories&post=2205"},{"taxonomy":"post_tag","embeddable":true,"href":"https:\/\/www.chcemzamestnanie.sk\/index.php?rest_route=%2Fwp%2Fv2%2Ftags&post=2205"}],"curies":[{"name":"wp","href":"https:\/\/api.w.org\/{rel}","templated":true}]}}